{"id":267099,"date":"2025-11-22T06:55:43","date_gmt":"2025-11-22T05:55:43","guid":{"rendered":"https:\/\/www.cronacaonline.it\/?p=267099"},"modified":"2025-11-22T06:55:46","modified_gmt":"2025-11-22T05:55:46","slug":"medici-di-medicina-generale-del-distretto-socio-sanitario-di-siniscola-precisazione-sulle-dichiarazioni-di-ieri-dellasl-3-di-nuoro","status":"publish","type":"post","link":"https:\/\/www.cronacaonline.it\/index.php\/2025\/11\/22\/medici-di-medicina-generale-del-distretto-socio-sanitario-di-siniscola-precisazione-sulle-dichiarazioni-di-ieri-dellasl-3-di-nuoro\/","title":{"rendered":"Medici di Medicina Generale del Distretto Socio Sanitario di Siniscola: precisazione sulle dichiarazioni di ieri dell\u2019Asl 3 di Nuoro."},"content":{"rendered":"\n<p>Nov, 22 Nov 2025 \u2013 In riferimento alla nota a firma dei Medici di Medicina Generale del Distretto Socio Sanitario di Siniscola la Direzione strategica aziendale dell\u2019ASL 3 di Nuoro, nella sua propensione all\u2019ascolto e al confronto, peraltro mai venuto meno in questi mesi, coglie l\u2019occasione per ringraziare i professionisti nell\u2019aver voluto fornire un contributo all\u2019impegnativo processo di riorganizzazione in atto. Nella consapevolezza che non \u00e8 semplice governare processi complessi in un\u2019azienda eterogenea e con proprie caratteristiche peculiari (si veda, ad esempio, la distribuzione del territorio e della popolazione nei quattro distretti socio sanitari), la Direzione strategica promuove costantemente la sinergia tra i distretti aziendali al fine di assicurare equit\u00e0 e omogeneit\u00e0 nell\u2019erogazione dei servizi socio-sanitari territoriali nel rispetto e nella piena autonomia delle funzioni distrettuali, che devono necessariamente tenere conto delle peculiarit\u00e0 del contesto di riferimento.<\/p>\n\n\n\n<p>A questo proposito l\u2019Azienda resta aperta al dialogo con i Medici del territorio - cos\u00ec come ha sempre fatto finora, anche con le amministrazioni locali \u2013 per un confronto sereno e produttivo al fine di costruire insieme il modello ideale che consente all\u2019Azienda di gestire a livello centrale i macroprocessi organizzativi e contestualmente assicurare l\u2019auspicato decentramento alle funzioni distrettuali per una operativit\u00e0 pi\u00f9 efficace dei processi stessi. L\u2019Assistenza Domiciliare Integrata, l\u2019Assistenza Protesica vengono gestite in autonomia in ogni Distretto. La Dottoressa Licia Abbruzzese \u00e8 Presidente UVT (Unit\u00e0 di Valutazione Territoriale) e PUA (Punto Unico di Accesso) e continuer\u00e0 ad esserlo. Com<\/p>\n","protected":false},"excerpt":{"rendered":"<p>Nov, 22 Nov 2025 \u2013 In riferimento alla nota a firma dei Medici di Medicina Generale del Distretto Socio Sanitario di Siniscola la Direzione strategica&#8230;<\/p>\n","protected":false},"author":2,"featured_media":12622,"comment_status":"closed","ping_status":"open","sticky":false,"template":"","format":"standard","meta":[],"categories":[49,53],"tags":[],"_links":{"self":[{"href":"https:\/\/www.cronacaonline.it\/index.php\/wp-json\/wp\/v2\/posts\/267099"}],"collection":[{"href":"https:\/\/www.cronacaonline.it\/index.php\/wp-json\/wp\/v2\/posts"}],"about":[{"href":"https:\/\/www.cronacaonline.it\/index.php\/wp-json\/wp\/v2\/types\/post"}],"author":[{"embeddable":true,"href":"https:\/\/www.cronacaonline.it\/index.php\/wp-json\/wp\/v2\/users\/2"}],"replies":[{"embeddable":true,"href":"https:\/\/www.cronacaonline.it\/index.php\/wp-json\/wp\/v2\/comments?post=267099"}],"version-history":[{"count":1,"href":"https:\/\/www.cronacaonline.it\/index.php\/wp-json\/wp\/v2\/posts\/267099\/revisions"}],"predecessor-version":[{"id":267100,"href":"https:\/\/www.cronacaonline.it\/index.php\/wp-json\/wp\/v2\/posts\/267099\/revisions\/267100"}],"wp:featuredmedia":[{"embeddable":true,"href":"https:\/\/www.cronacaonline.it\/index.php\/wp-json\/wp\/v2\/media\/12622"}],"wp:attachment":[{"href":"https:\/\/www.cronacaonline.it\/index.php\/wp-json\/wp\/v2\/media?parent=267099"}],"wp:term":[{"taxonomy":"category","embeddable":true,"href":"https:\/\/www.cronacaonline.it\/index.php\/wp-json\/wp\/v2\/categories?post=267099"},{"taxonomy":"post_tag","embeddable":true,"href":"https:\/\/www.cronacaonline.it\/index.php\/wp-json\/wp\/v2\/tags?post=267099"}],"curies":[{"name":"wp","href":"https:\/\/api.w.org\/{rel}","templated":true}]}}