{"id":267084,"date":"2025-11-21T15:59:37","date_gmt":"2025-11-21T14:59:37","guid":{"rendered":"https:\/\/www.cronacaonline.it\/?p=267084"},"modified":"2025-11-21T15:59:38","modified_gmt":"2025-11-21T14:59:38","slug":"la-carovana-del-pnes-arriva-a-ploaghe-e-domani-prosegue-a-sorso","status":"publish","type":"post","link":"https:\/\/www.cronacaonline.it\/index.php\/2025\/11\/21\/la-carovana-del-pnes-arriva-a-ploaghe-e-domani-prosegue-a-sorso\/","title":{"rendered":"La Carovana del Pnes arriva a Ploaghe e domani prosegue a Sorso."},"content":{"rendered":"\n<p>Sassari, 21 Nov 2025 - La Asl di Sassari, con la preziosa collaborazione dell'amministrazione comunale e dei servizi sociali, lo scorso sabato ha contattato una ventina di cittadini di Ploaghe che rientravano nella fascia di popolazione target del progetto, e nei locali della Scuola Primaria della cittadina sono stati sottoposti a visite gratuite di cardiologia, diabetologia, pneumologia, ginecologia.<\/p>\n\n\n\n<p>Il piano \u201cContrastare la povert\u00e0 sanitaria\u201d del Programma Nazionale Equit\u00e0 nella Salute, previsto nell\u2019Accordo di Partenariato dell\u2019Italia sulla Programmazione della politica di coesione 2021-2027, e che si pone l\u2019obiettivo di rafforzare i servizi sanitari e rendendo pi\u00f9 equo l\u2019accesso.<\/p>\n\n\n\n<p>Il Programma Nazionale Equit\u00e0 nella Salute ha individuato quattro aree per le quali \u00e8 pi\u00f9 urgente intervenire ed \u00e8 necessaria un\u2019iniziativa nazionale a supporto dell\u2019organizzazione regionale e locale dei servizi sanitari e sociosanitari rivolta alle persone in condizione di svantaggio socio-economico:<\/p>\n\n\n\n<p>Prendersi cura della salute mentale<\/p>\n\n\n\n<p>Maggiore copertura degli screening oncologici<\/p>\n\n\n\n<p>Il genere al centro della cura<\/p>\n\n\n\n<p>Contrastare la povert\u00e0 sanitaria<\/p>\n\n\n\n<p>Il progetto - Sono 38 le aziende sanitarie selezionate, nel panorama nazionale; tra queste la Asl n. 1 di Sassari ha elaborato un piano di intervento, che si articola in sette progetti per un ammontare complessivo di&nbsp;3.680.000 euro, provenienti dal&nbsp;FESR (Fondo Europeo di Sviluppo Regionale)&nbsp;e dal&nbsp;FSE+ (Fondo Sociale Europeo),&nbsp;e approvati&nbsp;dall\u2019Istituto Nazionale Migrazioni e Povert\u00e0 (INMP), quale organismo intermedio con cui la Asl di Sassari ha sottoscritto un\u2019apposita convenzione.<\/p>\n\n\n\n<p>L\u2019attenzione&nbsp;del Pns \u00e8 puntata in modo particolare sull\u2019area del&nbsp;contrasto della povert\u00e0 sanitaria: nei prossimi 5 anni la Asl n.1 svilupper\u00e0 una serie di attivit\u00e0 che mirano a concretizzare iniziative capaci di&nbsp;ridurre le barriere di accesso ai servizi sanitari e sociosanitari per le persone vulnerabili&nbsp;dal punto di vista socio-economico, con progetti di sanit\u00e0 pubblica di prossimit\u00e0, dell\u2019inclusione attiva, dell\u2019integrazione sociosanitaria e di comunit\u00e0.<\/p>\n\n\n\n<p>Per la realizzazione degli obiettivi la Asl di Sassari ha previsto l\u2019allestimento di ambulatori situati in zone strategiche e facilmente accessibili la costituzione di \u00e9quipe multidisciplinari e trasversali (composte da medico, assistente sociale, infermiere, autista, amministrativo ed altre figure specifiche) per le cure di base e quelle specialistiche, ma anche ambulatori fissi, attivati nei maggiori centri della Provincia.<\/p>\n\n\n\n<p>Il progetto prevede inoltre la fornitura e distribuzione di farmaci di fascia A e C, essenziali per la cura della salute sanitaria in quanto utilizzati per malattie croniche gravi, a persone svantaggiate per migliorarne la qualit\u00e0 di vita e promuovere l\u2019equit\u00e0 nell\u2019accesso ai servizi sanitari. Altrettanto fondamentale sar\u00e0 la co-progettazione tra l\u2019Asl sassarese e gli Enti del Terzo Settore per realizzare interventi finalizzati a contrastare la povert\u00e0 sanitaria attraverso una serie di attivit\u00e0 coordinate e mirate, a partire dalla mappatura dei bisogni territoriali dei vari siti identificati a livello di ogni Distretto Socio-Sanitario.<\/p>\n\n\n\n<p>Molta attenzione, con due diversi progetti, sar\u00e0 inoltre posta sulla salute odontoiatrica delle fasce pi\u00f9 vulnerabili di popolazione, alle quali saranno offerte visite e cure, ma anche la possibilit\u00e0 \u2013 con un finanziamento specifico \u2013 di poter usufruire di protesi odontoiatriche: sono tre gli ambulatori (a Ozieri, Porto Torres e Sassari)&nbsp;in cui al momento le equipe odontoiatrica opera.<\/p>\n\n\n\n<p>Dopo la tappa di Ploaghe (il 15 novembre), il 22 Novembre la Carovana Asl del Pnes sar\u00e0 a Sorso, il 29 novembre a Sassari e il 13 dicembre a Uri.<\/p>\n\n\n\n<p>Nell\u2019ambito dell\u2019area \u201cprendersi cura della salute mentale\u201d e \u201cil genere al dentro della cura\u201d, inoltre, la Asl di Sassari sta provvedendo a reclutare terapisti&nbsp;della&nbsp;riabilitazione&nbsp;psichiatrica, assistenti&nbsp;sociali, assistenti&nbsp;sanitari, dirigenti&nbsp;psicologi. Com<\/p>\n","protected":false},"excerpt":{"rendered":"<p>Sassari, 21 Nov 2025 &#8211; La Asl di Sassari, con la preziosa collaborazione dell&#8217;amministrazione comunale e dei servizi sociali, lo scorso sabato ha contattato una&#8230;<\/p>\n","protected":false},"author":2,"featured_media":267085,"comment_status":"closed","ping_status":"open","sticky":false,"template":"","format":"standard","meta":[],"categories":[49,53],"tags":[],"_links":{"self":[{"href":"https:\/\/www.cronacaonline.it\/index.php\/wp-json\/wp\/v2\/posts\/267084"}],"collection":[{"href":"https:\/\/www.cronacaonline.it\/index.php\/wp-json\/wp\/v2\/posts"}],"about":[{"href":"https:\/\/www.cronacaonline.it\/index.php\/wp-json\/wp\/v2\/types\/post"}],"author":[{"embeddable":true,"href":"https:\/\/www.cronacaonline.it\/index.php\/wp-json\/wp\/v2\/users\/2"}],"replies":[{"embeddable":true,"href":"https:\/\/www.cronacaonline.it\/index.php\/wp-json\/wp\/v2\/comments?post=267084"}],"version-history":[{"count":1,"href":"https:\/\/www.cronacaonline.it\/index.php\/wp-json\/wp\/v2\/posts\/267084\/revisions"}],"predecessor-version":[{"id":267086,"href":"https:\/\/www.cronacaonline.it\/index.php\/wp-json\/wp\/v2\/posts\/267084\/revisions\/267086"}],"wp:featuredmedia":[{"embeddable":true,"href":"https:\/\/www.cronacaonline.it\/index.php\/wp-json\/wp\/v2\/media\/267085"}],"wp:attachment":[{"href":"https:\/\/www.cronacaonline.it\/index.php\/wp-json\/wp\/v2\/media?parent=267084"}],"wp:term":[{"taxonomy":"category","embeddable":true,"href":"https:\/\/www.cronacaonline.it\/index.php\/wp-json\/wp\/v2\/categories?post=267084"},{"taxonomy":"post_tag","embeddable":true,"href":"https:\/\/www.cronacaonline.it\/index.php\/wp-json\/wp\/v2\/tags?post=267084"}],"curies":[{"name":"wp","href":"https:\/\/api.w.org\/{rel}","templated":true}]}}