{"id":266630,"date":"2025-11-12T11:06:21","date_gmt":"2025-11-12T10:06:21","guid":{"rendered":"https:\/\/www.cronacaonline.it\/?p=266630"},"modified":"2025-11-12T11:06:23","modified_gmt":"2025-11-12T10:06:23","slug":"tumori-del-seno-in-sardegna-1600-nuovi-casi-in-un-anno-torna-dal-14-al-15-novembre-al-thotel-di-cagliari-il-convegno-breast-cancer-update","status":"publish","type":"post","link":"https:\/\/www.cronacaonline.it\/index.php\/2025\/11\/12\/tumori-del-seno-in-sardegna-1600-nuovi-casi-in-un-anno-torna-dal-14-al-15-novembre-al-thotel-di-cagliari-il-convegno-breast-cancer-update\/","title":{"rendered":"Tumori del seno, in Sardegna 1600 nuovi casi in un anno. Torna dal 14 al 15 novembre al THotel di Cagliari il convegno Breast Cancer Update."},"content":{"rendered":"\n<p>Cagliari 12 Nov 2025.\u00a0Il\u00a0carcinoma mammario nel 2024 ha registrato 56mila nuovi casi\u00a0in tutta l\u2019Italia, di cui\u00a0circa 1600 in Sardegna, spiega\u00a0Massimo Dessena, chirurgo senologo del Policlinico Duilio Casula, \u00abe con questi dati si conferma il\u00a0tumore pi\u00f9 frequente nelle donne di tutte le fasce d\u2019et\u00e0\u00a0e con il maggior numero di studi clinici sia nella fase iniziale, che nella fase metastatica\u00bb.<\/p>\n\n\n\n<p>Si parler\u00e0 di tumore mammario, innovazioni in ambito diagnostico e terapeutico, con approccio multidisciplinare, nella&nbsp;tredicesima edizione del congresso \u201cBreast Cancer Update\u201d,&nbsp;che si svolger\u00e0 al THotel di Cagliari (Via dei Giudicati, 66)&nbsp;venerd\u00ec 14 e sabato 15 novembre.<\/p>\n\n\n\n<p>L\u2019evento \u00e8 organizzato&nbsp;dal dottor&nbsp;Massimo Dessena&nbsp;e dall\u2019oncologo Daniele Farci&nbsp;della Nuova Casa di Cura di Decimo.<\/p>\n\n\n\n<p>La&nbsp;sessione di venerd\u00ec 14, che si svolger\u00e0 dalle 16 alle 18.30, nella sala T4 al primo piano del THotel,&nbsp;sar\u00e0 dedicata agli operatori dell\u2019informazione e Uffici stampa, associazioni dei pazienti e volontariato. Alla tavola rotonda, moderata dal giornalista Ivan Paone, parteciperanno i chirurghi senologi&nbsp;Massimo Dessena e Viviana Galimberti,&nbsp;direttrice della Senologia dell\u2019Istituto Europeo di Oncologia, il&nbsp;chirurgo plastico dell\u2019Aou di Cagliari Matteo Atzeni,&nbsp;Raffaele Barbara, direttore di Radiologia Oncologica dell\u2019Azienda ospedaliera Brotzu&nbsp;e gli&nbsp;oncologi Daniele Farci e Carla Spiga della Nuova Casa di Cura di Decimo, che risponderanno alle&nbsp;domande dei partecipanti.<\/p>\n\n\n\n<p>La giornata di sabato 15 sar\u00e0 dedicata ai&nbsp;lavori scientifici, a cui parteciperanno&nbsp;diversi specialisti dell\u2019Aou di Cagliari, insieme a&nbsp;prestigiosi ospiti delle maggiori istituzioni oncologiche italiane, come la professoressa&nbsp;Viviana Galimberti, il dottor Secondo Folli, direttore della&nbsp;Senologia Chirurgica dell\u2019Istituto Nazionale Tumori di Milano&nbsp;e il dottor&nbsp;Massimo Di Maio,&nbsp;presidente Nazionale Associazione Italiana di Oncologia Medica. Nel corso della giornata sar\u00e0 dedicato ampio spazio allo&nbsp;scambio di opinioni ed esperienze con gli esperti locali, mettendo in evidenza gli aspetti che possono&nbsp;aiutare le pazienti a vivere meglio la propria malattia. Com<\/p>\n","protected":false},"excerpt":{"rendered":"<p>Cagliari 12 Nov 2025.\u00a0Il\u00a0carcinoma mammario nel 2024 ha registrato 56mila nuovi casi\u00a0in tutta l\u2019Italia, di cui\u00a0circa 1600 in Sardegna, spiega\u00a0Massimo Dessena, chirurgo senologo del Policlinico&#8230;<\/p>\n","protected":false},"author":2,"featured_media":252076,"comment_status":"closed","ping_status":"open","sticky":false,"template":"","format":"standard","meta":[],"categories":[49,53],"tags":[],"_links":{"self":[{"href":"https:\/\/www.cronacaonline.it\/index.php\/wp-json\/wp\/v2\/posts\/266630"}],"collection":[{"href":"https:\/\/www.cronacaonline.it\/index.php\/wp-json\/wp\/v2\/posts"}],"about":[{"href":"https:\/\/www.cronacaonline.it\/index.php\/wp-json\/wp\/v2\/types\/post"}],"author":[{"embeddable":true,"href":"https:\/\/www.cronacaonline.it\/index.php\/wp-json\/wp\/v2\/users\/2"}],"replies":[{"embeddable":true,"href":"https:\/\/www.cronacaonline.it\/index.php\/wp-json\/wp\/v2\/comments?post=266630"}],"version-history":[{"count":1,"href":"https:\/\/www.cronacaonline.it\/index.php\/wp-json\/wp\/v2\/posts\/266630\/revisions"}],"predecessor-version":[{"id":266631,"href":"https:\/\/www.cronacaonline.it\/index.php\/wp-json\/wp\/v2\/posts\/266630\/revisions\/266631"}],"wp:featuredmedia":[{"embeddable":true,"href":"https:\/\/www.cronacaonline.it\/index.php\/wp-json\/wp\/v2\/media\/252076"}],"wp:attachment":[{"href":"https:\/\/www.cronacaonline.it\/index.php\/wp-json\/wp\/v2\/media?parent=266630"}],"wp:term":[{"taxonomy":"category","embeddable":true,"href":"https:\/\/www.cronacaonline.it\/index.php\/wp-json\/wp\/v2\/categories?post=266630"},{"taxonomy":"post_tag","embeddable":true,"href":"https:\/\/www.cronacaonline.it\/index.php\/wp-json\/wp\/v2\/tags?post=266630"}],"curies":[{"name":"wp","href":"https:\/\/api.w.org\/{rel}","templated":true}]}}