{"id":266534,"date":"2025-11-10T09:12:24","date_gmt":"2025-11-10T08:12:24","guid":{"rendered":"https:\/\/www.cronacaonline.it\/?p=266534"},"modified":"2025-11-10T09:12:25","modified_gmt":"2025-11-10T08:12:25","slug":"siccita-giacomo-meloni-presidente-confartigianato-sardegna-scarse-piogge-e-perdite-dacqua-colpiscono-territori-e-imprese-della-sardegna-nellisola-oltre-6mila-realta","status":"publish","type":"post","link":"https:\/\/www.cronacaonline.it\/index.php\/2025\/11\/10\/siccita-giacomo-meloni-presidente-confartigianato-sardegna-scarse-piogge-e-perdite-dacqua-colpiscono-territori-e-imprese-della-sardegna-nellisola-oltre-6mila-realta\/","title":{"rendered":"Siccit\u00e0 \u2013 Giacomo Meloni (Presidente Confartigianato Sardegna): Scarse piogge e perdite d\u2019acqua colpiscono territori e imprese della Sardegna. Nell\u2019Isola oltre 6mila realt\u00e0 \u201cidro-esigenti\u201d con 20mila dipendenti."},"content":{"rendered":"\n<p>Cagliari, 10 Nov 2025 - L\u2019allarme siccit\u00e0 comincia a preoccupare le imprese e i cittadini della Sardegna e a creare i primi problemi a territori e comunit\u00e0 con restrizioni e razionamenti. La prolungata assenza di piogge, le alte temperature che si protraggono ormai da pi\u00f9 di 8 mesi, e, in generale, i cambiamenti climatici, inquietano anche gli artigiani sardi.<\/p>\n\n\n\n<p>\u201cIl forte impatto del climate change gi\u00e0 da parecchi anni sta creando seri problemi a tutto il nostro territorio e alle imprese, e sempre pi\u00f9 ne potr\u00e0 crearne in futuro se non continuiamo la ciclopica opera di ammodernamento delle infrastrutture idriche, che dovr\u00e0 andare di pari passo sia con la corretta gestione dell\u2019acqua da parte di tutti, sia con la tutela dell\u2019ambiente. E\u2019 uno sforzo che dobbiamo compiere insieme: Istituzioni, aziende e cittadini\u201d.<\/p>\n\n\n\n<p>\u00c8 questo il pensiero di Giacomo Meloni, Presidente di Confartigianato Imprese Sardegna, sulla siccit\u00e0 che ha gi\u00e0 costretto molte amministrazioni comunali a interrompere le erogazioni idriche.<\/p>\n\n\n\n<p>Proprio la scarsit\u00e0 d\u2019acqua potrebbe influenzare l\u2019attivit\u00e0 di oltre 6mila imprese, con pi\u00f9 di 20mila lavoratori, e di gran parte del sistema produttivo regionale.<\/p>\n\n\n\n<p>L\u2019analisi \u00e8 stata realizzata dall\u2019Ufficio Studi di Confartigianato Imprese Sardegna sulle \u201cImprese idro-esigenti dell\u2019Isola\u201d, che ha preso in esame il perimetro delle attivit\u00e0 manifatturiere e di quelle dei servizi alla persona, in base all\u2019indicatore Intensit\u00e0 d\u2019uso dell\u2019acqua di ISTAT del 2024, nell\u2019intero territorio sono state rilevate 2.137 aziende, di cui 1.493 artigiane, attive nei 10 settori manifatturieri \u201cwater intensive\u201d che consumano quasi il 36,3% delle risorse idriche isolane.<\/p>\n\n\n\n<p>I primi 10 con una pi\u00f9 elevata intensit\u00e0 di utilizzo dell\u2019acqua sono quello estrattivo con 21,7 litri utilizzati per euro di produzione venduta, seguito dal tessile (20,9 litri per euro), petrolchimica (17,5 litri per euro), farmaceutica (14,1 litri per euro), gomma e materie plastiche (12,4 litri per euro), vetro ceramica, cemento, ecc. (11,2 litri per euro) carta (10,1 litri per euro) e prodotti in metallo (7,4 litri per euro). In queste operano 11.904 addetti, di cui 3.998 artigiani.<\/p>\n\n\n\n<p>A queste attivit\u00e0 vanno aggiunti i servizi alla persona (lavanderie, acconciatori, estetisti etc) che di fatto consumano per uso imprenditoriale acqua in quantit\u00e0 superiore ad una famiglia. In questo perimetro operano altre 4mila imprese con 8.500 addetti.<\/p>\n\n\n\n<p>Il tutto, per questo, coinvolge complessivamente, oltre 6mila attivit\u00e0 produttive per oltre 20mila dipendenti. La siccit\u00e0 in corso, ha influito anche sulla regolarit\u00e0 della fornitura idrica nella maggior parte delle zone turistiche dell\u2019Isola.<\/p>\n\n\n\n<p>\u201c\u00c8 il momento giusto per riflettere sulle azioni da compiere - continua Meloni - e per continuare a programmare e progettare per non farci trovare impreparati anche nel futuro di fronte al sempre pi\u00f9 probabile perdurare di assenza di precipitazioni\u201d.<\/p>\n\n\n\n<p>A preoccupare attivit\u00e0 produttive e cittadini, c\u2019\u00e8 anche l\u2019immenso flusso d\u2019acqua che viene perso ogni giorno attraverso condutture \u201ccolabrodo\u201d, nonostante i grandi passi in avanti fatti negli ultimi 20 anni.<\/p>\n\n\n\n<p>Sempre secondo l\u2019analisi di Confartigianato, la Sardegna \u00e8 al quarto posto tra le regioni pi\u00f9 \u201csprecone d\u2019acqua\u201d: Nell\u2019Isola, ogni giorno, vengono immessi nelle reti 129 milioni di metri cubi di acqua (circa 424 a testa) e, pro capite, se ne perdono 224, equivalente al 52,8%, contro una media nazionale del 42,4%.<\/p>\n\n\n\n<p>La regione pi\u00f9 sprecona \u00e8 la Basilicata con il 65,5% di perdite, seguita dall\u2019Abruzzo con il 62,5%. Quella pi\u00f9 virtuosa \u00e8 l\u2019Emilia Romagna con solo il 29,7% di acqua che si perde.<\/p>\n\n\n\n<p>Tra i capoluoghi sardi il pi\u00f9 sprecone \u00e8 Sassari con il 63,4% delle perdite (11esimo nazionale), seguito da Oristano con il 60,4% (14esimo), da Nuoro con il 55,1% (19esimo) e Cagliari con il 53,5% (25esimo). La citt\u00e0 sarda pi\u00f9 virtuosa \u00e8 Carbonia con solo il 21,7% degli sprechi (90esima su 109).<\/p>\n\n\n\n<p>\u201cNoi piccoli imprenditori siamo fortemente interessati al tema della corretta gestione idrica \u2013 continua il Presidente di Confartigianato Sardegna - dato che, per quanto riguarda l\u2019approvvigionamento dell\u2019acqua utilizzata nei processi produttivi, le imprese con meno di cinque addetti utilizzano nella maggior parte dei casi acqua della rete pubblica per uso civile mentre le imprese medie e grandi si servono di specifici sistemi di auto approvvigionamento o utilizzano acqua che proviene da infrastrutture a servizio di nuclei e aree industriali\u201d. \u201cPer questo insistiamo \u2013 conclude Meloni - sulla necessit\u00e0 di investimenti per ridurre la dispersione della risorsa idrica a causa delle cattive condizioni delle infrastrutture. <a>In Sardegna, come \u00e8 noto, quasi il 50% dell\u2019acqua immessa nella rete (dato Istat 2020) pari a oltre 25 milioni di metri cubi, non arriva nei rubinetti dei sardi\u201d.<\/a><\/p>\n\n\n\n<p>L\u2019acqua \u00e8 una risorsa strategica sempre pi\u00f9 cruciale nell\u2019attuale scenario dei cambiamenti climatici. La crescente frequenza e intensit\u00e0 dei fenomeni di siccit\u00e0 mette a rischio non solo l\u2019approvvigionamento idrico per usi civili, agricoli e delle imprese, ma anche la produzione di energia idroelettrica, che rappresenta una quota fondamentale del mix energetico nazionale e una leva per la transizione green. La gestione sostenibile delle risorse idriche diventa quindi un fattore determinante per la sicurezza energetica, la competitivit\u00e0 delle imprese e la resilienza dei territori.<\/p>\n\n\n\n<p>Secondo il bilancio mensile di Terna, la produzione idroelettrica, concentrata al Nord, nei primi sette mesi del 2025 scende del 22,1% su base annua a fronte del +59,1% registrato nello stesso periodo del 2024. I livelli di produzione rimangono comunque superiori a quelli registrati nel 2022, anno di una severa crisi idrica, e nel 2023. Com<\/p>\n","protected":false},"excerpt":{"rendered":"<p>Cagliari, 10 Nov 2025 &#8211; L\u2019allarme siccit\u00e0 comincia a preoccupare le imprese e i cittadini della Sardegna e a creare i primi problemi a territori&#8230;<\/p>\n","protected":false},"author":2,"featured_media":265411,"comment_status":"closed","ping_status":"open","sticky":false,"template":"","format":"standard","meta":[],"categories":[49,53],"tags":[],"_links":{"self":[{"href":"https:\/\/www.cronacaonline.it\/index.php\/wp-json\/wp\/v2\/posts\/266534"}],"collection":[{"href":"https:\/\/www.cronacaonline.it\/index.php\/wp-json\/wp\/v2\/posts"}],"about":[{"href":"https:\/\/www.cronacaonline.it\/index.php\/wp-json\/wp\/v2\/types\/post"}],"author":[{"embeddable":true,"href":"https:\/\/www.cronacaonline.it\/index.php\/wp-json\/wp\/v2\/users\/2"}],"replies":[{"embeddable":true,"href":"https:\/\/www.cronacaonline.it\/index.php\/wp-json\/wp\/v2\/comments?post=266534"}],"version-history":[{"count":1,"href":"https:\/\/www.cronacaonline.it\/index.php\/wp-json\/wp\/v2\/posts\/266534\/revisions"}],"predecessor-version":[{"id":266535,"href":"https:\/\/www.cronacaonline.it\/index.php\/wp-json\/wp\/v2\/posts\/266534\/revisions\/266535"}],"wp:featuredmedia":[{"embeddable":true,"href":"https:\/\/www.cronacaonline.it\/index.php\/wp-json\/wp\/v2\/media\/265411"}],"wp:attachment":[{"href":"https:\/\/www.cronacaonline.it\/index.php\/wp-json\/wp\/v2\/media?parent=266534"}],"wp:term":[{"taxonomy":"category","embeddable":true,"href":"https:\/\/www.cronacaonline.it\/index.php\/wp-json\/wp\/v2\/categories?post=266534"},{"taxonomy":"post_tag","embeddable":true,"href":"https:\/\/www.cronacaonline.it\/index.php\/wp-json\/wp\/v2\/tags?post=266534"}],"curies":[{"name":"wp","href":"https:\/\/api.w.org\/{rel}","templated":true}]}}