{"id":266450,"date":"2025-11-06T15:59:13","date_gmt":"2025-11-06T14:59:13","guid":{"rendered":"https:\/\/www.cronacaonline.it\/?p=266450"},"modified":"2025-11-06T15:59:14","modified_gmt":"2025-11-06T14:59:14","slug":"rischio-idrogeologico-codice-giallo-a-cagliari-sino-alle-prime-ore-di-venerdi-7-novembre","status":"publish","type":"post","link":"https:\/\/www.cronacaonline.it\/index.php\/2025\/11\/06\/rischio-idrogeologico-codice-giallo-a-cagliari-sino-alle-prime-ore-di-venerdi-7-novembre\/","title":{"rendered":"Rischio idrogeologico, codice giallo a Cagliari sino alle prime ore di venerd\u00ec 7 novembre"},"content":{"rendered":"\n<p>Cagliari, 6 Nov 2025 - Dalle ore 21 di questo pomeriggio di gioved\u00ec 6, e sino alle 6 di domani, venerd\u00ec 7 novembre 2025, anche il territorio di Cagliari sar\u00e0 interessato da un allerta codice giallo - criticit\u00e0 ordinaria per rischio idrogeologico. Escluse le zone Flumendosa-Flumineddu e Gallura, l'avviso della Protezione civile regionale interessa il restante territorio isolano.<\/p>\n\n\n\n<p>In via precauzionale, a ulteriore tutela della sicurezza e della salute pubblica, la Protezione civile del Comune di Cagliari ha individuato le vie di Pirri dove \u00e8 opportuno evitare di parcheggiare e l'area di sosta sicura nella zona della Piscina comunale di Terramaini in via Pisano.<\/p>\n","protected":false},"excerpt":{"rendered":"<p>Cagliari, 6 Nov 2025 &#8211; Dalle ore 21 di questo pomeriggio di gioved\u00ec 6, e sino alle 6 di domani, venerd\u00ec 7 novembre 2025, anche&#8230;<\/p>\n","protected":false},"author":2,"featured_media":245634,"comment_status":"closed","ping_status":"open","sticky":false,"template":"","format":"standard","meta":[],"categories":[49,53],"tags":[],"_links":{"self":[{"href":"https:\/\/www.cronacaonline.it\/index.php\/wp-json\/wp\/v2\/posts\/266450"}],"collection":[{"href":"https:\/\/www.cronacaonline.it\/index.php\/wp-json\/wp\/v2\/posts"}],"about":[{"href":"https:\/\/www.cronacaonline.it\/index.php\/wp-json\/wp\/v2\/types\/post"}],"author":[{"embeddable":true,"href":"https:\/\/www.cronacaonline.it\/index.php\/wp-json\/wp\/v2\/users\/2"}],"replies":[{"embeddable":true,"href":"https:\/\/www.cronacaonline.it\/index.php\/wp-json\/wp\/v2\/comments?post=266450"}],"version-history":[{"count":1,"href":"https:\/\/www.cronacaonline.it\/index.php\/wp-json\/wp\/v2\/posts\/266450\/revisions"}],"predecessor-version":[{"id":266451,"href":"https:\/\/www.cronacaonline.it\/index.php\/wp-json\/wp\/v2\/posts\/266450\/revisions\/266451"}],"wp:featuredmedia":[{"embeddable":true,"href":"https:\/\/www.cronacaonline.it\/index.php\/wp-json\/wp\/v2\/media\/245634"}],"wp:attachment":[{"href":"https:\/\/www.cronacaonline.it\/index.php\/wp-json\/wp\/v2\/media?parent=266450"}],"wp:term":[{"taxonomy":"category","embeddable":true,"href":"https:\/\/www.cronacaonline.it\/index.php\/wp-json\/wp\/v2\/categories?post=266450"},{"taxonomy":"post_tag","embeddable":true,"href":"https:\/\/www.cronacaonline.it\/index.php\/wp-json\/wp\/v2\/tags?post=266450"}],"curies":[{"name":"wp","href":"https:\/\/api.w.org\/{rel}","templated":true}]}}