{"id":266231,"date":"2025-10-30T15:40:40","date_gmt":"2025-10-30T14:40:40","guid":{"rendered":"https:\/\/www.cronacaonline.it\/?p=266231"},"modified":"2025-10-30T15:40:42","modified_gmt":"2025-10-30T14:40:42","slug":"allerta-per-rischio-idrogeologico-e-temporali-anche-a-cagliari-dalle-14-di-giovedi-30-alle-15-di-venerdi-31-ottobre-2025","status":"publish","type":"post","link":"https:\/\/www.cronacaonline.it\/index.php\/2025\/10\/30\/allerta-per-rischio-idrogeologico-e-temporali-anche-a-cagliari-dalle-14-di-giovedi-30-alle-15-di-venerdi-31-ottobre-2025\/","title":{"rendered":"Allerta per rischio idrogeologico e temporali anche a Cagliari dalle 14 di gioved\u00ec 30 alle 15 di venerd\u00ec 31 ottobre 2025."},"content":{"rendered":"\n<p>Cagliari, 30 Ott 2025 - Dalle 14 di oggi, gioved\u00ec 30, e sino alle 15\u00a0di domani, venerd\u00ec 31 ottobre 2025, anche il Campidano sar\u00e0 interessato da allerta di codice giallo (criticit\u00e0 ordinaria) per rischio idrogeologico e idrogeologico per temporali. L\u2019avviso \u00e8 della Protezione civile regionale.<\/p>\n\n\n\n<p>In particolare per il territorio municipale di Pirri, la Protezione civile del Comune di Cagliari con uno specifico avviso ha reso noto anche il seguente elenco delle strade in cui \u00e8 opportuno evitare di parcheggiare durante il periodo indicato: Balilla (dalla piazza Italia sino alla via Dandolo) e traverse; Italia; Dolianova; Sinnai; Settimo; Mara; Donori; Santorre Di Santarosa; Confalonieri; Ampere.<\/p>\n\n\n\n<p>Le automobili potranno essere trasferite nel parcheggio della piscina di Terramaini, in via Pisano, per prevenire danni da eventuali allagamenti.<\/p>\n\n\n\n<p>Si invitano i cittadini a prestare la massima attenzione e ad attivare le misure di autoprotezione: non scendere nei piani interrati o seminterrati, non uscire di casa, allontanarsi dalle strade allagate, raggiungendo luoghi pi\u00f9 elevati.<\/p>\n","protected":false},"excerpt":{"rendered":"<p>Cagliari, 30 Ott 2025 &#8211; Dalle 14 di oggi, gioved\u00ec 30, e sino alle 15\u00a0di domani, venerd\u00ec 31 ottobre 2025, anche il Campidano sar\u00e0 interessato&#8230;<\/p>\n","protected":false},"author":2,"featured_media":254133,"comment_status":"closed","ping_status":"open","sticky":false,"template":"","format":"standard","meta":[],"categories":[49,53],"tags":[],"_links":{"self":[{"href":"https:\/\/www.cronacaonline.it\/index.php\/wp-json\/wp\/v2\/posts\/266231"}],"collection":[{"href":"https:\/\/www.cronacaonline.it\/index.php\/wp-json\/wp\/v2\/posts"}],"about":[{"href":"https:\/\/www.cronacaonline.it\/index.php\/wp-json\/wp\/v2\/types\/post"}],"author":[{"embeddable":true,"href":"https:\/\/www.cronacaonline.it\/index.php\/wp-json\/wp\/v2\/users\/2"}],"replies":[{"embeddable":true,"href":"https:\/\/www.cronacaonline.it\/index.php\/wp-json\/wp\/v2\/comments?post=266231"}],"version-history":[{"count":1,"href":"https:\/\/www.cronacaonline.it\/index.php\/wp-json\/wp\/v2\/posts\/266231\/revisions"}],"predecessor-version":[{"id":266232,"href":"https:\/\/www.cronacaonline.it\/index.php\/wp-json\/wp\/v2\/posts\/266231\/revisions\/266232"}],"wp:featuredmedia":[{"embeddable":true,"href":"https:\/\/www.cronacaonline.it\/index.php\/wp-json\/wp\/v2\/media\/254133"}],"wp:attachment":[{"href":"https:\/\/www.cronacaonline.it\/index.php\/wp-json\/wp\/v2\/media?parent=266231"}],"wp:term":[{"taxonomy":"category","embeddable":true,"href":"https:\/\/www.cronacaonline.it\/index.php\/wp-json\/wp\/v2\/categories?post=266231"},{"taxonomy":"post_tag","embeddable":true,"href":"https:\/\/www.cronacaonline.it\/index.php\/wp-json\/wp\/v2\/tags?post=266231"}],"curies":[{"name":"wp","href":"https:\/\/api.w.org\/{rel}","templated":true}]}}