{"id":266050,"date":"2025-10-27T14:22:15","date_gmt":"2025-10-27T13:22:15","guid":{"rendered":"https:\/\/www.cronacaonline.it\/?p=266050"},"modified":"2025-10-27T14:22:18","modified_gmt":"2025-10-27T13:22:18","slug":"la-porto-cervo-racing-team-festeggia-la-vittoria-tra-le-scuderie-nella-coppa-rally-zona-10","status":"publish","type":"post","link":"https:\/\/www.cronacaonline.it\/index.php\/2025\/10\/27\/la-porto-cervo-racing-team-festeggia-la-vittoria-tra-le-scuderie-nella-coppa-rally-zona-10\/","title":{"rendered":"La Porto Cervo Racing Team festeggia la vittoria tra le scuderie nella Coppa Rally Zona 10."},"content":{"rendered":"\n<p>Porto Cervo (SS), 27 Ott 2025 - La stagione nella Coppa Rally Zona 10 si \u00e8 conclusa con la vittoria tra le scuderie della Porto Cervo Racing. L'ultimo round \u00e8 stato il 13\u00b0 Rally Terra Sarda, corso in Ogliastra, dove i portacolori hanno regalato al Team un'altra coppa scuderia.<\/p>\n\n\n\n<p>Mauro Atzei, presidente Porto Cervo Racing: \u201cQuesta vittoria \u00e8 dei nostri portacolori. Siamo orgogliosi, immensamente orgogliosi di ogni equipaggio che porta il nostro nome sulla vettura. A nome di tutto il direttivo e dello staff della scuderia Porto Cervo Racing, ringrazio di cuore tutti i nostri portacolori\u201d. Anche il finale di stagione \u00e8 ricco di importanti appuntamenti per i driver e co-driver della Porto Cervo Racing, scuderia che vanta oltre 25 anni di attivit\u00e0.<\/p>\n\n\n\n<p>Un altro successo per la Porto Cervo Racing. In Ogliastra, in occasione del 13\u00b0 Rally Terra Sarda, grazie ai prestigiosi risultati conquistati dai suoi portacolori, la Porto Cervo Racing ha conquistato un'altra coppa scuderia e si \u00e8 aggiudicata la vittoria nella CRZ Coppa Rally Zona 10.<\/p>\n\n\n\n<p>Un riconoscimento significativo, da condividere con tutti i suoi portacolori, frutto dei risultati ottenuti nel corso di un'intensa stagione sportiva, dal Rally Sulcis Iglesiente, al Rally Golfo dell'Asinara, al Rally dei Nuraghi e del Vermentino, fino al Rally Terra Sarda - organizzato dalla Porto Cervo Racing - risultati che hanno elevato la scuderia sul pi\u00f9 alto gradino del podio.<\/p>\n\n\n\n<p>Nell'ultima gara valida per il CRZ 10, il 13\u00b0 Rally Terra Sarda, il co-pilota Salvatore Musselli, in coppia con Andrea Pisano (Skoda Fabia Rally2) \u00e8 salito sul secondo gradino del podio della classifica assoluta e ha conquistato la CRZ 10. Auro Siddi e Giuseppe Maccioni (Skoda Fabia Rally2) hanno conquistato il terzo posto assoluto, per Roberto Cocco e Sergio Deiana (Skoda Fabia Rally2) quinto posto nella classifica assoluta, Sandro Locci e Fabrizio Musu (Skoda Fabia Rally2) hanno terminato al sesto posto assoluto, Alessandro Murgia e Giuseppe Porcu (Peugeot 208 Rally4) hanno chiuso al nono posto assoluto e al secondo di classe, e sempre nella top ten, Piergiorgio Ladu e Tonino Mulas (Peugeot 208 Rally4) sono saliti sul terzo gradino del podio di classe. Domenico Cabras navigato da Luca Pischedda (Peugeot 208 Rally4) ha terminato al sedicesimo posto assoluto, Mirco Lorrai in coppia con Eleonora Murgia su Renault Clio Rally5 ha concluso al ventesimo posto assoluto e al terzo di classe, Giuliano Tilocca e Lirio Baglio su Lancia Ypsilon hanno terminato al ventiquattresimo posto assoluto, a seguire, Fausto Loddo e Fabio Atzeni su Peugeot 106 (42esimi assoluti) e Pier Giorgio Lorrai con Alessandro Pompei alle note su Citroen Saxo (43esimi assoluti). Purtroppo, sono stati costretti al ritiro Daniele Pileri e Marco Corda (Peugeot 106), Ronnie Caragliu con Gian Franco Tali (Skoda Fabia), Alessandro Ruggieri con Gian Matteo Bechere (Peugeot 208) e, fra le storiche, Maurizio Lorrai con Sara Scorcu a causa di un guasto alla testata della Fiat Uno.<\/p>\n\n\n\n<p>Nello stesso fine settimana del Rally Terra Sarda, i portacolori della Porto Cervo Racing Mattia Ricciu e Giovanni Maria Mazzone sono saliti sul secondo gradino del podio nel CIAR Junior al 72\u00b0 Rallye Sanremo. Dopo l'intensa stagione, l'equipaggio ACI Team Italia Ricciu-Mazzone ha terminato al secondo posto nel Campionato Italiano Assoluto Rally Junior.<\/p>\n\n\n\n<p>Inoltre, il co-pilota Giovanni Maria Mazzone, il 15 e 16 novembre andr\u00e0 in Sicilia&nbsp;al Rally Tirreno-Messina, finale nazionale Coppa Italia Rally ACI Sport, in sostituzione di Salvatore Musselli, vincitore insieme al pilota Andrea Pisano della CRZ 10.<\/p>\n\n\n\n<p>Un altro imminente appuntamento per la Scuderia riguarda il pilota Mario Murgia (Hyundai I30 N), che nel fine settimana dal 31 ottobre al 2 novembre, sar\u00e0 al via della 63\u00aa Cronoscalata Alghero-Scala Piccada, finale nazionale del Campionato Italiano Velocit\u00e0 Montagna.<\/p>\n\n\n\n<p>\u201cAncora&nbsp;una volta i nostri portacolori hanno scritto la storia - ha detto Mauro&nbsp;Atzei, presidente della Porto Cervo Racing - anche quest\u2019anno, grazie a loro, alla loro determinazione e coraggio, la nostra Scuderia si \u00e8 aggiudicata la Coppa di Zona come miglior team. Un risultato che pesa, che vale, che emoziona, perch\u00e9 nasce dalla somma di ogni singolo sforzo che hanno vissuto, curva dopo curva, prova dopo prova. Non esistono ruoli secondari: chi ha vinto, chi ha lottato, chi ha stretto i denti, chi ha portato punti fondamentali, chi ha acceso il pubblico col proprio spettacolo\u2026ognuno di loro \u00e8 parte di questa vittoria. Hanno corso con il cuore, regalato emozioni alla gente, onorato la maglia della scuderia con passione e rispetto. La verit\u00e0 \u00e8 semplice: le coppe si alzano sul podio, ma si vincono nelle vetture, nelle notti di lavoro, nelle note preparate, nelle partenze col nodo in gola e negli arrivi col casco pieno di emozioni. Ed \u00e8 l\u00ec che i portacolori della scuderia Porto Cervo Racing sono stati grandi. Questa vittoria \u00e8 loro. E noi siamo orgogliosi, immensamente orgogliosi di ogni equipaggio che porta il nostro nome sulla vettura. Avanti cos\u00ec, perch\u00e9 la strada non finisce qui. Le sfide continuano, i sogni continuano, noi continuiamo. A nome di tutto il direttivo e dello staff della scuderia Porto Cervo Racing, ringrazio di cuore tutti i nostri portacolori\u201d. Com<\/p>\n","protected":false},"excerpt":{"rendered":"<p>Porto Cervo (SS), 27 Ott 2025 &#8211; La stagione nella Coppa Rally Zona 10 si \u00e8 conclusa con la vittoria tra le scuderie della Porto&#8230;<\/p>\n","protected":false},"author":2,"featured_media":266051,"comment_status":"closed","ping_status":"open","sticky":false,"template":"","format":"standard","meta":[],"categories":[49,56],"tags":[],"_links":{"self":[{"href":"https:\/\/www.cronacaonline.it\/index.php\/wp-json\/wp\/v2\/posts\/266050"}],"collection":[{"href":"https:\/\/www.cronacaonline.it\/index.php\/wp-json\/wp\/v2\/posts"}],"about":[{"href":"https:\/\/www.cronacaonline.it\/index.php\/wp-json\/wp\/v2\/types\/post"}],"author":[{"embeddable":true,"href":"https:\/\/www.cronacaonline.it\/index.php\/wp-json\/wp\/v2\/users\/2"}],"replies":[{"embeddable":true,"href":"https:\/\/www.cronacaonline.it\/index.php\/wp-json\/wp\/v2\/comments?post=266050"}],"version-history":[{"count":1,"href":"https:\/\/www.cronacaonline.it\/index.php\/wp-json\/wp\/v2\/posts\/266050\/revisions"}],"predecessor-version":[{"id":266052,"href":"https:\/\/www.cronacaonline.it\/index.php\/wp-json\/wp\/v2\/posts\/266050\/revisions\/266052"}],"wp:featuredmedia":[{"embeddable":true,"href":"https:\/\/www.cronacaonline.it\/index.php\/wp-json\/wp\/v2\/media\/266051"}],"wp:attachment":[{"href":"https:\/\/www.cronacaonline.it\/index.php\/wp-json\/wp\/v2\/media?parent=266050"}],"wp:term":[{"taxonomy":"category","embeddable":true,"href":"https:\/\/www.cronacaonline.it\/index.php\/wp-json\/wp\/v2\/categories?post=266050"},{"taxonomy":"post_tag","embeddable":true,"href":"https:\/\/www.cronacaonline.it\/index.php\/wp-json\/wp\/v2\/tags?post=266050"}],"curies":[{"name":"wp","href":"https:\/\/api.w.org\/{rel}","templated":true}]}}