{"id":266046,"date":"2025-10-27T12:44:17","date_gmt":"2025-10-27T11:44:17","guid":{"rendered":"https:\/\/www.cronacaonline.it\/?p=266046"},"modified":"2025-10-27T12:44:17","modified_gmt":"2025-10-27T11:44:17","slug":"terna-al-via-liter-autorizzativo-del-sardinian-link-il-nuovo-collegamento-elettrico-tra-il-nord-e-il-sud-della-sardegna","status":"publish","type":"post","link":"https:\/\/www.cronacaonline.it\/index.php\/2025\/10\/27\/terna-al-via-liter-autorizzativo-del-sardinian-link-il-nuovo-collegamento-elettrico-tra-il-nord-e-il-sud-della-sardegna\/","title":{"rendered":"Terna: al via l\u2019iter autorizzativo del Sardinian Link, il nuovo collegamento elettrico tra il nord e il sud della Sardegna."},"content":{"rendered":"\n<p>Cagliari, 27 Ott 2025 - A seguito dell\u2019avvio dell\u2019iter autorizzativo da parte del Ministero dell\u2019Ambiente e della Sicurezza Energetica per il nuovo collegamento elettrico Sardinian Link, Terna ha pubblicato l\u2019avviso contenente l\u2019elenco delle particelle catastali potenzialmente interessate dall\u2019intervento, che coinvolge i territori della Citt\u00e0 Metropolitana di Sassari, della Provincia di Nuoro, della Provincia di Oristano, della Provincia del Sulcis-Iglesiente e della Citt\u00e0 Metropolitana di Cagliari. Il Sardinian Link, per cui la societ\u00e0 guidata da Giuseppina Di Foggia investir\u00e0 circa 300 milioni di euro, consentir\u00e0 di rafforzare la rete elettrica sarda, incrementando la capacit\u00e0 di trasporto tra i nodi di Codrongianos e Selargius e garantendo maggiore affidabilit\u00e0 e continuit\u00e0 del servizio energetico sull\u2019isola. La soluzione progettuale del Sardinian Link, sviluppata in funzione della complessit\u00e0 dell\u2019intervento, \u00e8 stata concepita per armonizzarsi con il territorio, migliorando l\u2019affidabilit\u00e0 della linea esistente \u2013 ormai soggetta a frequenti interventi di manutenzione \u2013 e rafforzando la stabilit\u00e0 del sistema elettrico sardo, oggi caratterizzato da collegamenti limitati con la rete peninsulare e da un parco termoelettrico concentrato in poche aree. Elemento distintivo dell\u2019opera sar\u00e0 l\u2019impiego dei sostegni \u201c5 Fasi\u201d, una tecnologia brevettata da Terna che rappresenta un\u2019evoluzione nella progettazione delle infrastrutture elettriche. I nuovi sostegni, pi\u00f9 leggeri e meglio integrati con l\u2019ambiente, permettono di trasportare pi\u00f9 energia riducendo al contempo i campi elettrici e magnetici, contribuendo a un modello di rete sempre pi\u00f9 sostenibile. Questa innovazione costituisce uno dei tasselli del percorso tecnologico e di pianificazione che l\u2019azienda sta portando avanti con la rete Hypergrid. Il Sardinian Link \u00e8 stato pianificato in coerenza con gli scenari energetici al 2030, che prevedono un aumento della produzione da fonti rinnovabili. L\u2019opera consentir\u00e0 una gestione pi\u00f9 efficiente dei flussi di energia, riducendo il rischio di sovrapproduzione e garantendo un sistema elettrico pi\u00f9 stabile, sicuro e resiliente. In questo contesto, l\u2019evoluzione tecnologica della rete rappresenta un elemento chiave per sostenere la transizione energetica dell\u2019isola.<\/p>\n\n\n\n<p>Il progetto prevede l\u2019ammodernamento della direttrice a 220 kV tra le stazioni di Codrongianos, Oristano, Sulcis, Villasor e Selargius, con la ricostruzione della rete mediante sostegni innovativi a basso impatto elettromagnetico e visivo. Con una lunghezza complessiva di circa 250 km, l\u2019infrastruttura garantir\u00e0 una potenza di scambio di 1.000 MW tra il nord e il sud della Sardegna e integrer\u00e0 anche l\u2019energia prodotta dagli impianti eolici offshore. Il Sardinian Link e le future opere realizzate con i sostegni \u201c5 Fasi\u201d definiranno uno standard tecnologico per la rete elettrica di trasmissione nazionale e rappresenteranno un passo concreto verso un sistema sempre pi\u00f9 efficiente, digitale e sostenibile. I cittadini, in particolare i proprietari delle particelle interessate, potranno consultare la documentazione progettuale presso gli uffici del Ministero dell\u2019Ambiente e della Sicurezza Energetica, della Regione Sardegna e dei Comuni coinvolti. La documentazione sar\u00e0 inoltre disponibile online, scaricando il link riportato nell\u2019avviso al pubblico consultabile sull\u2019albo pretorio dei comuni e sul sito della Regione Sardegna. Eventuali osservazioni potranno essere inviate entro 30 giorni dalla pubblicazione dell\u2019avviso al Ministero dell\u2019Ambiente e della Sicurezza Energetica, e per conoscenza a Terna. In Sardegna, circa 300 persone sono quotidianamente impegnate nelle attivit\u00e0 di sviluppo e manutenzione della rete elettrica locale, che si estende per oltre 4.700 km di linee ad alta e altissima tensione e comprende 29 stazioni distribuite sull\u2019intero territorio regionale. Com<\/p>\n","protected":false},"excerpt":{"rendered":"<p>Cagliari, 27 Ott 2025 &#8211; A seguito dell\u2019avvio dell\u2019iter autorizzativo da parte del Ministero dell\u2019Ambiente e della Sicurezza Energetica per il nuovo collegamento elettrico Sardinian&#8230;<\/p>\n","protected":false},"author":2,"featured_media":266047,"comment_status":"closed","ping_status":"open","sticky":false,"template":"","format":"standard","meta":[],"categories":[49,53],"tags":[],"_links":{"self":[{"href":"https:\/\/www.cronacaonline.it\/index.php\/wp-json\/wp\/v2\/posts\/266046"}],"collection":[{"href":"https:\/\/www.cronacaonline.it\/index.php\/wp-json\/wp\/v2\/posts"}],"about":[{"href":"https:\/\/www.cronacaonline.it\/index.php\/wp-json\/wp\/v2\/types\/post"}],"author":[{"embeddable":true,"href":"https:\/\/www.cronacaonline.it\/index.php\/wp-json\/wp\/v2\/users\/2"}],"replies":[{"embeddable":true,"href":"https:\/\/www.cronacaonline.it\/index.php\/wp-json\/wp\/v2\/comments?post=266046"}],"version-history":[{"count":1,"href":"https:\/\/www.cronacaonline.it\/index.php\/wp-json\/wp\/v2\/posts\/266046\/revisions"}],"predecessor-version":[{"id":266048,"href":"https:\/\/www.cronacaonline.it\/index.php\/wp-json\/wp\/v2\/posts\/266046\/revisions\/266048"}],"wp:featuredmedia":[{"embeddable":true,"href":"https:\/\/www.cronacaonline.it\/index.php\/wp-json\/wp\/v2\/media\/266047"}],"wp:attachment":[{"href":"https:\/\/www.cronacaonline.it\/index.php\/wp-json\/wp\/v2\/media?parent=266046"}],"wp:term":[{"taxonomy":"category","embeddable":true,"href":"https:\/\/www.cronacaonline.it\/index.php\/wp-json\/wp\/v2\/categories?post=266046"},{"taxonomy":"post_tag","embeddable":true,"href":"https:\/\/www.cronacaonline.it\/index.php\/wp-json\/wp\/v2\/tags?post=266046"}],"curies":[{"name":"wp","href":"https:\/\/api.w.org\/{rel}","templated":true}]}}