{"id":265961,"date":"2025-10-24T17:07:39","date_gmt":"2025-10-24T15:07:39","guid":{"rendered":"https:\/\/www.cronacaonline.it\/?p=265961"},"modified":"2025-10-24T17:07:41","modified_gmt":"2025-10-24T15:07:41","slug":"prefetto-di-cagliari-ha-presieduto-oggi-riunione-del-comitato-provinciale-per-lordine-e-la-sicurezza-pubblica","status":"publish","type":"post","link":"https:\/\/www.cronacaonline.it\/index.php\/2025\/10\/24\/prefetto-di-cagliari-ha-presieduto-oggi-riunione-del-comitato-provinciale-per-lordine-e-la-sicurezza-pubblica\/","title":{"rendered":"Prefetto di Cagliari ha presieduto oggi riunione del Comitato provinciale per l\u2019Ordine e la Sicurezza pubblica."},"content":{"rendered":"\n<p>Cagliari, 24 Ott 2025 - Il Prefetto di Cagliari Giuseppe Castaldo ha presieduto questa mattina una riunione del Comitato provinciale per l\u2019Ordine e la Sicurezza pubblica, durante la quale \u00e8 stato oggetto di analisi il recente episodio di violenza giovanile verificatosi nel quartiere della Marina.<\/p>\n\n\n\n<p>All\u2019incontro erano presenti il Sindaco di Cagliari Massimo Zedda e i vertici delle Forze di Polizia.<\/p>\n\n\n\n<p>Nel corso della riunione, \u00e8 stato analizzato l\u2019episodio nei suoi diversi aspetti. Dalle risultanze degli inquirenti \u00e8 emerso che il fatto \u00e8 riconducibile ad un contesto di devianza giovanile. Le attivit\u00e0 svolte dalle Forze di Polizia hanno consentito di individuare rapidamente i soggetti coinvolti e il presunto responsabile dell\u2019accaduto, assicurandolo alla giustizia. Sul punto \u00e8 stato sottolineato come il fenomeno del disagio giovanile vada affrontato implementando, accanto all\u2019azione della magistratura e delle Forze dell\u2019Ordine, anche iniziative educative, culturali e sociali, facendo rete tra le Istituzioni.<\/p>\n\n\n\n<p>Al termine della riunione \u00e8 stata, inoltre, decisa l\u2019intensificazione dei servizi di controllo del territorio in tutta l\u2019area interessata dal recente episodio di violenza.<\/p>\n\n\n\n<p>Nei prossimi giorni sar\u00e0 rinnovato con il Comune di Cagliari il \u201cPatto per la sicurezza urbana\u201d che prevede, tra l\u2019altro, l\u2019implementazione dei sistemi di videosorveglianza collegati alle centrali operative delle Forze di Polizia.<\/p>\n","protected":false},"excerpt":{"rendered":"<p>Cagliari, 24 Ott 2025 &#8211; Il Prefetto di Cagliari Giuseppe Castaldo ha presieduto questa mattina una riunione del Comitato provinciale per l\u2019Ordine e la Sicurezza&#8230;<\/p>\n","protected":false},"author":2,"featured_media":264423,"comment_status":"closed","ping_status":"open","sticky":false,"template":"","format":"standard","meta":[],"categories":[49,53],"tags":[],"_links":{"self":[{"href":"https:\/\/www.cronacaonline.it\/index.php\/wp-json\/wp\/v2\/posts\/265961"}],"collection":[{"href":"https:\/\/www.cronacaonline.it\/index.php\/wp-json\/wp\/v2\/posts"}],"about":[{"href":"https:\/\/www.cronacaonline.it\/index.php\/wp-json\/wp\/v2\/types\/post"}],"author":[{"embeddable":true,"href":"https:\/\/www.cronacaonline.it\/index.php\/wp-json\/wp\/v2\/users\/2"}],"replies":[{"embeddable":true,"href":"https:\/\/www.cronacaonline.it\/index.php\/wp-json\/wp\/v2\/comments?post=265961"}],"version-history":[{"count":1,"href":"https:\/\/www.cronacaonline.it\/index.php\/wp-json\/wp\/v2\/posts\/265961\/revisions"}],"predecessor-version":[{"id":265962,"href":"https:\/\/www.cronacaonline.it\/index.php\/wp-json\/wp\/v2\/posts\/265961\/revisions\/265962"}],"wp:featuredmedia":[{"embeddable":true,"href":"https:\/\/www.cronacaonline.it\/index.php\/wp-json\/wp\/v2\/media\/264423"}],"wp:attachment":[{"href":"https:\/\/www.cronacaonline.it\/index.php\/wp-json\/wp\/v2\/media?parent=265961"}],"wp:term":[{"taxonomy":"category","embeddable":true,"href":"https:\/\/www.cronacaonline.it\/index.php\/wp-json\/wp\/v2\/categories?post=265961"},{"taxonomy":"post_tag","embeddable":true,"href":"https:\/\/www.cronacaonline.it\/index.php\/wp-json\/wp\/v2\/tags?post=265961"}],"curies":[{"name":"wp","href":"https:\/\/api.w.org\/{rel}","templated":true}]}}