{"id":265897,"date":"2025-10-23T11:11:58","date_gmt":"2025-10-23T09:11:58","guid":{"rendered":"https:\/\/www.cronacaonline.it\/?p=265897"},"modified":"2025-10-23T11:12:00","modified_gmt":"2025-10-23T09:12:00","slug":"disturbi-alimentari-la-sardegna-al-centro-del-dibattito-scientifico-da-oggi-23-ottobre-a-sabato-25-congresso-nazionale-sisdca","status":"publish","type":"post","link":"https:\/\/www.cronacaonline.it\/index.php\/2025\/10\/23\/disturbi-alimentari-la-sardegna-al-centro-del-dibattito-scientifico-da-oggi-23-ottobre-a-sabato-25-congresso-nazionale-sisdca\/","title":{"rendered":"Disturbi alimentari, la Sardegna al centro del dibattito scientifico.\u00a0Da oggi 23 ottobre a sabato 25 congresso nazionale Sisdca."},"content":{"rendered":"\n<p>Cagliari, 23 Ott 2025.\u00a0I\u00a0Disturbi della Nutrizione e dell\u2019Alimentazione\u00a0(DNA) rappresentano oggi un\u00a0problema di salute\u00a0sempre pi\u00f9 diffuso. Sebbene colpiscano con\u00a0maggiore frequenza\u00a0adolescenti e giovani adulti, queste patologie stanno interessando in misura crescente anche bambini, persone adulte e anziane, senza distinzione di genere, orientamento sessuale, provenienza culturale o condizione socio-economica.<\/p>\n\n\n\n<p>Negli anni passati, l\u2019emergenza&nbsp;Covid-19&nbsp;ha contribuito ad&nbsp;amplificare il fenomeno, determinando un aumento significativo dei nuovi casi, spesso caratterizzati da esordi precoci, andamento rapido e quadri clinici pi\u00f9 gravi, oltre a favorire ricadute o peggioramenti in persone gi\u00e0 precedentemente affette da disturbi alimentari.<\/p>\n\n\n\n<p>La&nbsp;Societ\u00e0 Italiana per lo Studio dei Disturbi del Comportamento Alimentare&nbsp;(SISDCA), quest\u2019anno&nbsp;ha scelto Cagliari come sede del congresso nazionale, in programma&nbsp;da oggi 23 ottobre a sabato 25 ottobre 2025&nbsp;nell\u2019Aula Magna \u201cMario Carta\u201d&nbsp;della&nbsp;Facolt\u00e0 di Ingegneria dell\u2019Universit\u00e0 degli Studi di Cagliari. Il tema scelto \u2014 \u201cInterconnessioni, Contrapposizioni, Contraddizioni\u201d \u2014 rispecchia la complessit\u00e0 e la multidimensionalit\u00e0 dei Dna, ponendo la Sardegna al centro di un dibattito nazionale su corpo, mente e relazioni.<\/p>\n\n\n\n<p>L\u2019evento, promosso dalla&nbsp;presidente Sisdca Patrizia Todisco&nbsp;e organizzato localmente dalla&nbsp;dottoressa Annadele Pes, membro del&nbsp;direttivo nazionale Sisdca&nbsp;e referente al MdS per i Dna per la Regione Sardegna, rappresenta un&nbsp;appuntamento di grande rilievo per la comunit\u00e0 scientifica&nbsp;e clinica che si occupa dei disturbi alimentari.<\/p>\n\n\n\n<p>In rappresentanza dell\u2019Azienda ospedaliero-universitaria di Cagliari&nbsp;interverranno la&nbsp;professoressa Federica Pinna, direttrice di Psichiatria, che ha contribuito a supportare la riuscita dell\u2019evento, e la&nbsp;professoressa Fernanda Velluzzi, referente di Gestione dell\u2019Obesit\u00e0 e delle Complicanze Associate.<\/p>\n\n\n\n<p>L\u2019evento \u00e8 patrocinato dalla&nbsp;ASL di Cagliari, dall\u2019Aou di Cagliari, da&nbsp;Ares, dall\u2019Universit\u00e0 di Cagliari&nbsp;e dal&nbsp;Cagliari Accessibility Lab, da vari ordini professionali, l\u2019Ordine dei medici di Cagliari, l\u2019Ordine degli psicologi, l\u2019Ordine dei biologi, l\u2019Ordine degli infermieri, l\u2019Ordine degli assistenti sociali, l\u2019Ordine per i tecnici sanitari di radiologia medica e dalle pi\u00f9 importanti societ\u00e0 scientifiche che si occupano di disturbi alimentari e obesit\u00e0.<\/p>\n\n\n\n<p>Il congresso rappresenta un&nbsp;evento di grande rilievo scientifico, clinico e culturale.<br>Per la prima volta, la&nbsp;Sardegna ospita il principale appuntamento nazionale&nbsp;dedicato ai&nbsp;disturbi della nutrizione e dell\u2019alimentazione, riunendo professionisti, ricercatori e operatori provenienti da tutta Italia e ospiti internazionali, per condividere esperienze, evidenze scientifiche e buone pratiche nel trattamento integrato dei disturbi alimentari. Ospitare in Sardegna un evento di tale portata significa valorizzare il lavoro dei professionisti locali,&nbsp;rafforzare la rete regionale di cura&nbsp;e&nbsp;promuovere una cultura della prevenzione&nbsp;basata sull\u2019ascolto, sulla collaborazione e sull\u2019innovazione scientifica. Com<\/p>\n","protected":false},"excerpt":{"rendered":"<p>Cagliari, 23 Ott 2025.\u00a0I\u00a0Disturbi della Nutrizione e dell\u2019Alimentazione\u00a0(DNA) rappresentano oggi un\u00a0problema di salute\u00a0sempre pi\u00f9 diffuso. Sebbene colpiscano con\u00a0maggiore frequenza\u00a0adolescenti e giovani adulti, queste patologie stanno&#8230;<\/p>\n","protected":false},"author":2,"featured_media":265898,"comment_status":"closed","ping_status":"open","sticky":false,"template":"","format":"standard","meta":[],"categories":[49,53],"tags":[],"_links":{"self":[{"href":"https:\/\/www.cronacaonline.it\/index.php\/wp-json\/wp\/v2\/posts\/265897"}],"collection":[{"href":"https:\/\/www.cronacaonline.it\/index.php\/wp-json\/wp\/v2\/posts"}],"about":[{"href":"https:\/\/www.cronacaonline.it\/index.php\/wp-json\/wp\/v2\/types\/post"}],"author":[{"embeddable":true,"href":"https:\/\/www.cronacaonline.it\/index.php\/wp-json\/wp\/v2\/users\/2"}],"replies":[{"embeddable":true,"href":"https:\/\/www.cronacaonline.it\/index.php\/wp-json\/wp\/v2\/comments?post=265897"}],"version-history":[{"count":1,"href":"https:\/\/www.cronacaonline.it\/index.php\/wp-json\/wp\/v2\/posts\/265897\/revisions"}],"predecessor-version":[{"id":265899,"href":"https:\/\/www.cronacaonline.it\/index.php\/wp-json\/wp\/v2\/posts\/265897\/revisions\/265899"}],"wp:featuredmedia":[{"embeddable":true,"href":"https:\/\/www.cronacaonline.it\/index.php\/wp-json\/wp\/v2\/media\/265898"}],"wp:attachment":[{"href":"https:\/\/www.cronacaonline.it\/index.php\/wp-json\/wp\/v2\/media?parent=265897"}],"wp:term":[{"taxonomy":"category","embeddable":true,"href":"https:\/\/www.cronacaonline.it\/index.php\/wp-json\/wp\/v2\/categories?post=265897"},{"taxonomy":"post_tag","embeddable":true,"href":"https:\/\/www.cronacaonline.it\/index.php\/wp-json\/wp\/v2\/tags?post=265897"}],"curies":[{"name":"wp","href":"https:\/\/api.w.org\/{rel}","templated":true}]}}