{"id":265815,"date":"2025-10-21T09:51:23","date_gmt":"2025-10-21T07:51:23","guid":{"rendered":"https:\/\/www.cronacaonline.it\/?p=265815"},"modified":"2025-10-21T09:51:26","modified_gmt":"2025-10-21T07:51:26","slug":"convegno-ad-alghero-sulle-innovazioni-nella-chirurgia-oncologica-dellapparato-digerente","status":"publish","type":"post","link":"https:\/\/www.cronacaonline.it\/index.php\/2025\/10\/21\/convegno-ad-alghero-sulle-innovazioni-nella-chirurgia-oncologica-dellapparato-digerente\/","title":{"rendered":"Convegno ad Alghero sulle innovazioni nella chirurgia oncologica dell&#8217;apparato digerente."},"content":{"rendered":"\n<p>Sassari 21 Ott 2025 \u2013\u00a0Due giornate di confronto e aggiornamento, 26 e 27 ottobre, in cui esperti regionali e nazionali si ritroveranno per fare il punto sulle pi\u00f9 recenti innovazioni nella chirurgia oncologica dell'apparato digerente e della chirurgia tiroidea. \u00c8 il cuore del convegno \"Attualit\u00e0 nella terapia della patologia oncologica dell'apparato digerente\", organizzato dalla\u00a0Clinica chirurgica\u00a0dell'Azienda ospedaliero universitaria\u00a0di Sassari, diretta dal professor\u00a0Alberto Porcu.<\/p>\n\n\n\n<p>L'appuntamento si svolger\u00e0&nbsp;all'Hotel Catalunya di Alghero&nbsp;e vedr\u00e0 la partecipazione dei maggiori esperti sardi e della penisola, tra cui&nbsp;Piero Chirletti, Massimo Falconi e Massimiliano Mutignani&nbsp;per le patologie pancreatiche,&nbsp;Giuseppe Maria Ettorre&nbsp;per le patologie epatiche e&nbsp;Ludovico Docimo,&nbsp;Alberto Arezzo e Giuseppe Spinoglio&nbsp;per il colon-retto. Sar\u00e0&nbsp;Pietro Giorgio Cal\u00f2&nbsp;ad aprire il convegno con una lettura magistrale sulla chirurgia tiroidea.<\/p>\n\n\n\n<p>Ad arricchire il tavolo dei relatori saranno anche i maggiori esperti in campo oncologico, regionali e nazionali, tra questi&nbsp;Silvia Camera, Davide&nbsp;Melisi e&nbsp;Marco Messina.<\/p>\n\n\n\n<p>\u00abIl convegno nasce dalla volont\u00e0 di creare un momento di confronto aperto tra chirurghi e oncologi \u2013 spiega il professor&nbsp;Alberto Porcu, che \u00e8 anche presidente del convegno&nbsp;\u2013. Vogliamo condividere esperienze, discutere innovazioni e stimolare un dialogo reale tra chi quotidianamente affronta patologie complesse. La chirurgia oncologica non \u00e8 mai un lavoro solitario: richiede integrazione, scelte multidisciplinari e attenzione costante al paziente. Le nuove tecnologie, dalla robotica alla laparoscopia avanzata, sono strumenti fondamentali, ma resta centrale la capacit\u00e0 di valutare ogni caso nella sua complessit\u00e0 clinica\u00bb.<br>La&nbsp;prima giornata,&nbsp;domenica 26 ottobre, sar\u00e0 interamente dedicata alla&nbsp;patologia pancreatica. Si affronteranno aspetti clinici e chirurgici, dalla diagnosi precoce alle indicazioni operative, fino alla gestione multidisciplinare dei pazienti. Particolare attenzione sar\u00e0 rivolta alla selezione dei candidati a resezioni avanzate, alla discussione delle tecniche di ricostruzione e all'uso dei trattamenti integrati volti a migliorare prognosi e qualit\u00e0 di vita. Questa sessione offrir\u00e0 un confronto tra esperti sulle innovazioni tecnologiche e sui protocolli multidisciplinari consolidati, stimolando dibattito su decisioni cliniche complesse.<br>Luned\u00ec 27 ottobre&nbsp;il convegno proseguir\u00e0 con tre sessioni principali e la parte pratica della&nbsp;Live surgery. La&nbsp;seconda sessione&nbsp;sar\u00e0 dedicata al&nbsp;fegato&nbsp;e alle&nbsp;neoplasie epatobiliari, con un focus su strategie chirurgiche avanzate, indicazioni per le resezioni maggiori e discussione sulle alternative tra resezione e trapianto. Verranno esaminati i criteri di selezione dei pazienti, l'integrazione tra chirurgia, radiologia interventistica, oncologia e anestesia, e le novit\u00e0 in ambito diagnostico e terapeutico, compresi i markers molecolari e biologici per screening e prevenzione.<\/p>\n\n\n\n<p>La&nbsp;terza sessione&nbsp;affronter\u00e0 il&nbsp;futuro della chirurgia generale, con riflessioni su formazione, aggiornamento professionale, innovazioni tecnologiche e responsabilit\u00e0 medico-legali, cercando di capire le motivazioni della crisi vocazionale in questa disciplina e individuare quali possono essere le soluzioni.<br>A seguire, la&nbsp;quarta sessione&nbsp;ospiter\u00e0 la&nbsp;Live surgery, con un collegamento in diretta dalle sale operatorie delle \u201cstecche bianche\u201d dell'Aou di Sassari. Sar\u00e0 eseguito un intervento di emicolectomia destra robotica dal dottor&nbsp;Giuseppe Spinoglio, considerato uno dei pionieri della chirurgia robotica e tra i massimi esperti di chirurgia oncologica mininvasiva, soprattutto in ambito colorettale e gastrico. L'intervento offrir\u00e0 una prospettiva concreta sull'integrazione tra approccio robotico e protocolli clinici, mostrando tecniche avanzate e strategie per ottimizzare sicurezza e risultati clinici.<\/p>\n\n\n\n<p><br>La giornata si concluder\u00e0 con il&nbsp;focus sul carcinoma del colon-retto, analizzando protocolli multimodali, nuove tecniche diagnostiche e approcci terapeutici, e confrontando esperienze cliniche di rilievo nazionale per stimolare scambio di conoscenze e buone pratiche.&nbsp;<\/p>\n\n\n\n<p>Al convegno, in qualit\u00e0 di presidenti onorari, saranno presenti anche i professori&nbsp;Paolo Biglioli&nbsp;e&nbsp;Giuseppe Dettori, che sono stati per lungo tempo direttori della Clinica Chirurgica dell\u2019Aou di Sassari e hanno formato tanti allievi. Com<\/p>\n","protected":false},"excerpt":{"rendered":"<p>Sassari 21 Ott 2025 \u2013\u00a0Due giornate di confronto e aggiornamento, 26 e 27 ottobre, in cui esperti regionali e nazionali si ritroveranno per fare il&#8230;<\/p>\n","protected":false},"author":2,"featured_media":265816,"comment_status":"closed","ping_status":"open","sticky":false,"template":"","format":"standard","meta":[],"categories":[49,53],"tags":[],"_links":{"self":[{"href":"https:\/\/www.cronacaonline.it\/index.php\/wp-json\/wp\/v2\/posts\/265815"}],"collection":[{"href":"https:\/\/www.cronacaonline.it\/index.php\/wp-json\/wp\/v2\/posts"}],"about":[{"href":"https:\/\/www.cronacaonline.it\/index.php\/wp-json\/wp\/v2\/types\/post"}],"author":[{"embeddable":true,"href":"https:\/\/www.cronacaonline.it\/index.php\/wp-json\/wp\/v2\/users\/2"}],"replies":[{"embeddable":true,"href":"https:\/\/www.cronacaonline.it\/index.php\/wp-json\/wp\/v2\/comments?post=265815"}],"version-history":[{"count":1,"href":"https:\/\/www.cronacaonline.it\/index.php\/wp-json\/wp\/v2\/posts\/265815\/revisions"}],"predecessor-version":[{"id":265817,"href":"https:\/\/www.cronacaonline.it\/index.php\/wp-json\/wp\/v2\/posts\/265815\/revisions\/265817"}],"wp:featuredmedia":[{"embeddable":true,"href":"https:\/\/www.cronacaonline.it\/index.php\/wp-json\/wp\/v2\/media\/265816"}],"wp:attachment":[{"href":"https:\/\/www.cronacaonline.it\/index.php\/wp-json\/wp\/v2\/media?parent=265815"}],"wp:term":[{"taxonomy":"category","embeddable":true,"href":"https:\/\/www.cronacaonline.it\/index.php\/wp-json\/wp\/v2\/categories?post=265815"},{"taxonomy":"post_tag","embeddable":true,"href":"https:\/\/www.cronacaonline.it\/index.php\/wp-json\/wp\/v2\/tags?post=265815"}],"curies":[{"name":"wp","href":"https:\/\/api.w.org\/{rel}","templated":true}]}}