{"id":265704,"date":"2025-10-18T09:51:09","date_gmt":"2025-10-18T07:51:09","guid":{"rendered":"https:\/\/www.cronacaonline.it\/?p=265704"},"modified":"2025-10-18T09:51:12","modified_gmt":"2025-10-18T07:51:12","slug":"a-81-anni-vincenzo-e-il-piu-anziano-studente-del-cpia-di-assemini-la-scuola-come-un-regalo-inaspettato","status":"publish","type":"post","link":"https:\/\/www.cronacaonline.it\/index.php\/2025\/10\/18\/a-81-anni-vincenzo-e-il-piu-anziano-studente-del-cpia-di-assemini-la-scuola-come-un-regalo-inaspettato\/","title":{"rendered":"A 81 anni Vincenzo\u00a0\u00e8\u00a0il pi\u00f9\u00a0anziano studente del Cpia di Assemini: la scuola come un regalo inaspettato."},"content":{"rendered":"\n<p>Assemini (Ca), 18 Ott 2025 - La scuola \u00e8 stato 'unu giru francu', un regalo inaspettato che la vita gli ha fatto alla sua et\u00e0. A settembre Vincenzo Marras, 81 anni, \u00e8 stato tra i primi a iscriversi al Cpia 1 Karalis - il centro provinciale istruzione degli adulti, scuola pubblica - dove si prepara ad affrontare il biennio delle superiori. Lo scorso anno, il pi\u00f9 anziano studente della sede di Assemini ha conseguito la licenza media. Un percorso che lo ha entusiasmato, tanto che ha deciso di continuare a studiare. Proprio durante l\u2019esame, Vincenzo ha spiegato il perch\u00e9 ricordando la volta in cui, settant\u2019anni fa, aveva giocato a carte con gli astutissimi 'piciocus de crobi', al mercato vecchio di Cagliari. \u00abAvevo perso tutto e me ne stavo gi\u00e0 andando, ma 'is piciocus'\u00a0avevano una loro regola. Mi hanno detto: \u201cAnche se non hai pi\u00f9 niente hai diritto a un altro giro, noi lo chiamiamo 'su giru francu'\u201d. Cos\u00ec ho recuperato un po\u2019 di quello che avevo perduto. Per me la scuola, alla mia et\u00e0, \u00e8 stata 'unu giru francu'\u00a0della vita. Ho potuto imparare cose nuove, tenermi in esercizio, trascorrere ore molto belle con i compagni e i professori. Non vedo l\u2019ora che\u00a0riprendano\u00a0le lezioni!\u00bb, ha raccontato durante la prova orale Vincenzo che ha mantenuto la promessa precipitandosi a scuola subito dopo la pausa estiva. Nato alla fine della Seconda Guerra Mondiale, Marras \u00e8 cresciuto in anni difficili dove il bisogno non consentiva alle famiglie di far studiare i bambini. Cos\u00ec Vincenzo, finite le elementari, \u00e8 cresciuto tra i campi, trasportando verdure e ortaggi su un carro trainato dai buoi. La vita \u00e8 andata avanti ma lui non ha mai rinunciato al sogno della scuola e lo scorso anno \u00e8 finalmente riuscito a sostenere l'esame accompagnato e festeggiato dai nipoti, Lucia e Vincenzo junior, orgogliosi del suo percorso.<\/p>\n\n\n\n<p>\u00abNostro nonno \u00e8 sempre stato molto curioso, per noi era normale vederlo coltivare tante passioni e studiare da autodidatta. - hanno precisato i due ragazzi - Appena si \u00e8 presentata l\u2019opportunit\u00e0 di tornare sui banchi, di apprendere sotto la guida degli insegnanti e avere un luogo in cui confrontarsi, non ha esitato. Non per il \u201cpezzo di carta\u201d, ma perch\u00e9 gli piace imparare e condividere quello che sa. Quando eravamo piccoli ci raccontava le storie della mitologia greca, la storia della Sardegna... voleva anche insegnarci a suonare la chitarra, ma in questo non ha avuto successo! Nostro nonno \u00e8 speciale (come tanti altri nonni speciali!), sempre disponibile con noi: d\u2019estate ci portava al mare, d\u2019inverno ci portava in piscina, al corso di inglese, ci accompagnava a scuola se eravamo in ritardo... \u00e8 un punto di riferimento che amiamo!\u00bb Com<\/p>\n","protected":false},"excerpt":{"rendered":"<p>Assemini (Ca), 18 Ott 2025 &#8211; La scuola \u00e8 stato &#8216;unu giru francu&#8217;, un regalo inaspettato che la vita gli ha fatto alla sua et\u00e0.&#8230;<\/p>\n","protected":false},"author":2,"featured_media":265705,"comment_status":"closed","ping_status":"open","sticky":false,"template":"","format":"standard","meta":[],"categories":[49,53],"tags":[],"_links":{"self":[{"href":"https:\/\/www.cronacaonline.it\/index.php\/wp-json\/wp\/v2\/posts\/265704"}],"collection":[{"href":"https:\/\/www.cronacaonline.it\/index.php\/wp-json\/wp\/v2\/posts"}],"about":[{"href":"https:\/\/www.cronacaonline.it\/index.php\/wp-json\/wp\/v2\/types\/post"}],"author":[{"embeddable":true,"href":"https:\/\/www.cronacaonline.it\/index.php\/wp-json\/wp\/v2\/users\/2"}],"replies":[{"embeddable":true,"href":"https:\/\/www.cronacaonline.it\/index.php\/wp-json\/wp\/v2\/comments?post=265704"}],"version-history":[{"count":1,"href":"https:\/\/www.cronacaonline.it\/index.php\/wp-json\/wp\/v2\/posts\/265704\/revisions"}],"predecessor-version":[{"id":265706,"href":"https:\/\/www.cronacaonline.it\/index.php\/wp-json\/wp\/v2\/posts\/265704\/revisions\/265706"}],"wp:featuredmedia":[{"embeddable":true,"href":"https:\/\/www.cronacaonline.it\/index.php\/wp-json\/wp\/v2\/media\/265705"}],"wp:attachment":[{"href":"https:\/\/www.cronacaonline.it\/index.php\/wp-json\/wp\/v2\/media?parent=265704"}],"wp:term":[{"taxonomy":"category","embeddable":true,"href":"https:\/\/www.cronacaonline.it\/index.php\/wp-json\/wp\/v2\/categories?post=265704"},{"taxonomy":"post_tag","embeddable":true,"href":"https:\/\/www.cronacaonline.it\/index.php\/wp-json\/wp\/v2\/tags?post=265704"}],"curies":[{"name":"wp","href":"https:\/\/api.w.org\/{rel}","templated":true}]}}