{"id":265677,"date":"2025-10-17T11:46:02","date_gmt":"2025-10-17T09:46:02","guid":{"rendered":"https:\/\/www.cronacaonline.it\/?p=265677"},"modified":"2025-10-17T11:46:05","modified_gmt":"2025-10-17T09:46:05","slug":"visite-gratuite-per-i-tumori-del-seno-al-molo-ichnusa-di-cagliari-dal-21-al-23-ottobre-esami-su-prenotazione-nellambulatorio-mobile-nella-base-operativa-del-team-luna-rossa","status":"publish","type":"post","link":"https:\/\/www.cronacaonline.it\/index.php\/2025\/10\/17\/visite-gratuite-per-i-tumori-del-seno-al-molo-ichnusa-di-cagliari-dal-21-al-23-ottobre-esami-su-prenotazione-nellambulatorio-mobile-nella-base-operativa-del-team-luna-rossa\/","title":{"rendered":"Visite gratuite per i tumori del seno al Molo Ichnusa di Cagliari. Dal 21 al 23 ottobre esami su prenotazione nell\u2019ambulatorio mobile nella base operativa del team Luna Rossa."},"content":{"rendered":"\n<p>Cagliari, 17 Ott 2025.\u00a0Cagliari ospita il IX VILLAGGIO DELLA SALUTE, che Komen Italia realizza nell\u2019ambito della campagna di sensibilizzazione \u201cLa Prevenzione \u00e8 il nostro capolavoro\u201d.<\/p>\n\n\n\n<p>A Cagliari, le Unit\u00e0 Mobili della Carovana della Prevenzione saranno presenti al Molo Ichnusa&nbsp;nella base operativa del team Luna Rossa&nbsp;grazie alla collaborazione con l\u2019Azienda Ospedaliero-Universitaria di Cagliari,&nbsp;L\u2019arnas Brotzu,&nbsp;L\u2019asl di Cagliari&nbsp;e altre Istituzioni Sanitarie locali e con il&nbsp;supporto operativo della&nbsp;Marina Militare&nbsp;e dei suoi Comandi che curer\u00e0 il supporto logistico via mare delle tappe sarde.<\/p>\n\n\n\n<p>Il chirurgo senologo Massimo Dessena, referente della Senologia chirurgica dell'Azienda ospedaliero-universitaria di Cagliari, coordiner\u00e0 un team di 20 medici e tecnici di radiologia provenienti dalle strutture pubbliche e private coinvolte.<\/p>\n\n\n\n<p>Il \u201cVillaggio della Salute\u201d sar\u00e0 inaugurato con una cerimonia di apertura a cui seguiranno incontri scientifico-divulgativi sul tema e lezioni sul benessere psicologico. Ma non solo. Saranno al centro del progetto anche lezioni di sensibilizzazione alla prevenzione rivolte agli studenti delle scuole di primo e secondo grado.<br>Presenti in piazza anche le Federazioni Fipsas, Fitp e Canottaggio con attivit\u00e0 sportive correlate ai corretti stili di vita oltre a lezioni di danza, zumba e il simulatore di pesca. Grazie ad Assomela saranno distribuite le mele a tutti i visitatori del Villaggio e la brochure \u201cMangiare Bene\u201d realizzata dal Centro Komen Italia per i Trattamenti Integrati in Oncologia.<\/p>\n\n\n\n<p>Mercoled\u00ec 22 ottobre alle 17, in piazza Marinai d\u2019Italia si svolger\u00e0 la WALK FOR THE CURE passeggiata di sensibilizzazione a sostegno dei progetti che Komen Italia svolge in Sardegna. Ogni partecipante con una donazione di 10 euro ricever\u00e0 la maglia dedicata alla Sardegna.&nbsp; Sar\u00e0 possibile iscriversi alla WALK in piazza Marinai d\u2019Italia anche il 19 ottobre dalle 11 alle 17.<\/p>\n\n\n\n<p>Gli esami diagnostici, quali mammografie, ecografie mammarie e visite cliniche specialistiche, rivolti alle donne under 50 e over 69, devono essere prenotati compilando il form sul sito web (<a href=\"https:\/\/komen.it\/evento\/villaggi-cagliari-21-22-23ottobre2025\/\" target=\"_blank\" rel=\"noreferrer noopener\">https:\/\/komen.it\/evento\/villaggi-cagliari-21-22-23ottobre2025\/<\/a>).<\/p>\n\n\n\n<p>Tutti i sostenitori della Campagna potranno accedere gratuitamente a 140 musei statali in tutta Italia e con una donazione sul sito<a href=\"http:\/\/prevenzione.komen.it\/\" target=\"_blank\" rel=\"noreferrer noopener\">&nbsp;prevenzione.komen.it&nbsp;<\/a>riceveranno l\u2019iconico Ribbon rosa in una edizione limitata per il mese di ottobre.<\/p>\n\n\n\n<p>Oltre al Patrocinio del&nbsp;Ministero della Salute, la Campagna potr\u00e0 contare sui prestigiosi Patrocini del&nbsp;Senato della Repubblica, della&nbsp;Camera dei Deputati,&nbsp;della Presidenza del Consiglio dei Ministri, dell\u2019ANCI, delle Autorit\u00e0 di Sistema Portuale di Sardegna,&nbsp;di&nbsp;Fondazione Pubblicit\u00e0 Progresso, del&nbsp;Corpo Nazionale dei Vigili del Fuoco, dell\u2019Esercito Italiano&nbsp;e della&nbsp;Marina Militare, in collaborazione con&nbsp;Sport e Salute, e vedr\u00e0 anche il contributo attivo di un\u2019ampia coalizione di partner sanitari tra cui la&nbsp;Fondazione Policlinico Universitario A. Gemelli Irccs, l\u2019Ospedale Isola Tiberina-Gemelli Isola,&nbsp;il&nbsp;Policlinico di Bari, l\u2019Azienda Sanitaria Provinciale di Cosenza,&nbsp;l\u2019Azienda Sanitaria Provinciale di Catanzaro,&nbsp;l\u2019Ospedale Giovanni Paolo II di Lamezia Terme,&nbsp;l\u2019Azienda Ospedaliero-Universitaria di Cagliari,&nbsp;l\u2019Arnas Brotzu,&nbsp;l\u2019Asl di Cagliari,&nbsp;l\u2019Ospedale Mater Olbia,l\u2019ASL 2 Abruzzo&nbsp;e altre Istituzioni Sanitarie locali.<\/p>\n\n\n\n<p>Komen Italia ha realizzato a ottobre&nbsp;14 Villaggi della Salute nelle regioni dell\u2019Italia centro-meridionale ed insulare, dove sono previste:<br>\u2022&nbsp;cerimonie di inaugurazione&nbsp;che coinvolgeranno le autorit\u00e0 locali e le associazioni territoriali del terzo settore;<br>\u2022&nbsp;attivit\u00e0 educative&nbsp;con lezioni di sensibilizzazione alla prevenzione per studenti delle scuole di primo e secondo grado e incontri scientifico-divulgativi sul tema;<br>\u2022&nbsp;attivit\u00e0 di prevenzione primaria&nbsp;con lezioni e laboratori di sport, fitness, sana alimentazione e benessere psicologico; attivit\u00e0 di prevenzione secondaria&nbsp;con offerta gratuita di mammografie, ecografie mammarie e visite cliniche specialistiche, grazie alle&nbsp;Unit\u00e0 Mobili&nbsp;di&nbsp;Komen Italia. Nel corso della Campagna queste opportunit\u00e0 di diagnosi precoce verranno offerte complessivamente ad&nbsp;oltre 8.000 donne&nbsp;che vivono condizioni di fragilit\u00e0 sociale.<\/p>\n\n\n\n<p>L\u2019importanza della prevenzione dei tumori del seno<\/p>\n\n\n\n<p>I&nbsp;tumori del seno&nbsp;rimangono al primo posto per incidenza e come causa di mortalit\u00e0 per cancro nella popolazione femminile mondiale. La&nbsp;prevenzione, in tutte le sue forme, rappresenta uno strumento molto efficace nell\u2019azione di contrasto a questa malattia.<br>Con la&nbsp;prevenzione primaria, basata sull\u2019adozione di uno stile di vita sano, si potrebbe evitare l\u2019insorgenza di circa un terzo dei&nbsp;2.3 milioni di nuovi casi&nbsp;che ogni anno si registrano nel mondo,&nbsp;56.870&nbsp;dei quali&nbsp;in Italia.<br>Con la&nbsp;prevenzione secondaria,&nbsp;cio\u00e8 la&nbsp;diagnosi precoce&nbsp;(esecuzione ogni anno di esami mammografici ed ecografici a seconda dell'et\u00e0) \u00e8 possibile identificare la malattia in fase iniziale e curarla meglio, con&nbsp;percentuali di guarigione che possono superare il 90%.<br>Con la&nbsp;prevenzione terziaria&nbsp;si possono aiutare le donne che hanno gi\u00e0 avuto un tumore del seno a limitare il pericolo di sviluppare una recidiva.<br>Purtroppo la prevenzione non \u00e8 ancora adeguatamente utilizzata e permangono importanti disparit\u00e0 territoriali nella partecipazione agli screening, confermate dai recenti dati di Passi (Progressi delle Aziende Sanitarie per la Salute in Italia) 2023-2024 che documentano un netto divario tra le regioni del Centro-Nord e quelle dell\u2019Italia meridionale ed insulare nell\u2019usufruire di questo fondamentale strumento di protezione della salute. Com<\/p>\n","protected":false},"excerpt":{"rendered":"<p>Cagliari, 17 Ott 2025.\u00a0Cagliari ospita il IX VILLAGGIO DELLA SALUTE, che Komen Italia realizza nell\u2019ambito della campagna di sensibilizzazione \u201cLa Prevenzione \u00e8 il nostro capolavoro\u201d.&#8230;<\/p>\n","protected":false},"author":2,"featured_media":265678,"comment_status":"closed","ping_status":"open","sticky":false,"template":"","format":"standard","meta":[],"categories":[49,53],"tags":[],"_links":{"self":[{"href":"https:\/\/www.cronacaonline.it\/index.php\/wp-json\/wp\/v2\/posts\/265677"}],"collection":[{"href":"https:\/\/www.cronacaonline.it\/index.php\/wp-json\/wp\/v2\/posts"}],"about":[{"href":"https:\/\/www.cronacaonline.it\/index.php\/wp-json\/wp\/v2\/types\/post"}],"author":[{"embeddable":true,"href":"https:\/\/www.cronacaonline.it\/index.php\/wp-json\/wp\/v2\/users\/2"}],"replies":[{"embeddable":true,"href":"https:\/\/www.cronacaonline.it\/index.php\/wp-json\/wp\/v2\/comments?post=265677"}],"version-history":[{"count":1,"href":"https:\/\/www.cronacaonline.it\/index.php\/wp-json\/wp\/v2\/posts\/265677\/revisions"}],"predecessor-version":[{"id":265679,"href":"https:\/\/www.cronacaonline.it\/index.php\/wp-json\/wp\/v2\/posts\/265677\/revisions\/265679"}],"wp:featuredmedia":[{"embeddable":true,"href":"https:\/\/www.cronacaonline.it\/index.php\/wp-json\/wp\/v2\/media\/265678"}],"wp:attachment":[{"href":"https:\/\/www.cronacaonline.it\/index.php\/wp-json\/wp\/v2\/media?parent=265677"}],"wp:term":[{"taxonomy":"category","embeddable":true,"href":"https:\/\/www.cronacaonline.it\/index.php\/wp-json\/wp\/v2\/categories?post=265677"},{"taxonomy":"post_tag","embeddable":true,"href":"https:\/\/www.cronacaonline.it\/index.php\/wp-json\/wp\/v2\/tags?post=265677"}],"curies":[{"name":"wp","href":"https:\/\/api.w.org\/{rel}","templated":true}]}}