{"id":265634,"date":"2025-10-16T11:28:30","date_gmt":"2025-10-16T09:28:30","guid":{"rendered":"https:\/\/www.cronacaonline.it\/?p=265634"},"modified":"2025-10-16T11:28:32","modified_gmt":"2025-10-16T09:28:32","slug":"prefettura-cagliari-prima-riunione-del-tavolo-dellosservatorio-provinciale-sulla-sicurezza-stradale","status":"publish","type":"post","link":"https:\/\/www.cronacaonline.it\/index.php\/2025\/10\/16\/prefettura-cagliari-prima-riunione-del-tavolo-dellosservatorio-provinciale-sulla-sicurezza-stradale\/","title":{"rendered":"Prefettura Cagliari &#8211; Prima riunione del Tavolo dell\u2019Osservatorio Provinciale sulla sicurezza stradale."},"content":{"rendered":"\n<p>Cagliari, 16 Ott 2025 - Nella mattinata di marted\u00ec 14 ottobre scorso, presso la sede del Palazzo del Governo, si \u00e8 tenuta una riunione dell\u2019Osservatorio per il monitoraggio degli incidenti stradali, recentemente rinnovato, al fine di procedere alla pianificazione di interventi per la lotta contro l\u2019incidentalit\u00e0 stradale in ambito provinciale.<\/p>\n\n\n\n<p>All\u2019incontro, presieduto dal Prefetto Giuseppe Castaldo, hanno preso parte i rappresentanti della Questura, del Comando Provinciale dei Carabinieri, del Comando Provinciale della Guardia di Finanza, la dirigente del Comparto Polizia Stradale, nonch\u00e9 i Presidenti delle Province del Sulcis-Iglesiente e del Medio Campidano, il dirigente del Servizio Mobilit\u00e0 e Viabilit\u00e0 della Citt\u00e0 Metropolitana di Cagliari, il Presidente di Automobile Club di Cagliari e i delegati di A.N.C.I. Sardegna, dell\u2019Ufficio della Motorizzazione Civile e di A.N.A.S. Sardegna.<\/p>\n\n\n\n<p>In apertura, il Prefetto ha sottolineato l\u2019importanza della sinergia tra le Istituzioni e gli Enti che, a vario titolo, possono fornire un valido contributo nell\u2019attivit\u00e0 di analisi del fenomeno dell\u2019incidentalit\u00e0 stradale, anche al fine di individuare le principali cause dei sinistri e conseguentemente proseguire nella pianificazione di efficaci strategie di prevenzione e contrasto.<\/p>\n\n\n\n<p>Nel corso della riunione \u00e8 emerso l\u2019impegno degli enti proprietari nel monitoraggio costante sulle strade di propria competenza, in modo da intervenire tempestivamente sulle eventuali criticit\u00e0, anche sotto il profilo della segnaletica.<\/p>\n\n\n\n<p>Il Prefetto Castaldo ha sottolineato l\u2019importanza di agire sia sotto il profilo della prevenzione, proseguendo con le campagne di sensibilizzazione dei giovani, gi\u00e0 avviate dalla polizia stradale in collaborazione con le scuole del territorio, sia sotto il profilo del contrasto con la pianificazione congiunta da parte delle Forze dell\u2019Ordine di controlli mirati nei giorni e nei luoghi in cui \u00e8 alto il rischio di guida in stato di alterazione psicofisica per assunzione di alcool o sostanze stupefacenti.<\/p>\n\n\n\n<p>I lavori dell\u2019Osservatorio proseguiranno con periodiche riunioni di aggiornamento sullo stato di attuazione delle iniziative programmate, anche per il tramite di tavoli di scopo per la risoluzione di problematiche specifiche. Com<\/p>\n","protected":false},"excerpt":{"rendered":"<p>Cagliari, 16 Ott 2025 &#8211; Nella mattinata di marted\u00ec 14 ottobre scorso, presso la sede del Palazzo del Governo, si \u00e8 tenuta una riunione dell\u2019Osservatorio&#8230;<\/p>\n","protected":false},"author":2,"featured_media":264423,"comment_status":"closed","ping_status":"open","sticky":false,"template":"","format":"standard","meta":[],"categories":[49,53],"tags":[],"_links":{"self":[{"href":"https:\/\/www.cronacaonline.it\/index.php\/wp-json\/wp\/v2\/posts\/265634"}],"collection":[{"href":"https:\/\/www.cronacaonline.it\/index.php\/wp-json\/wp\/v2\/posts"}],"about":[{"href":"https:\/\/www.cronacaonline.it\/index.php\/wp-json\/wp\/v2\/types\/post"}],"author":[{"embeddable":true,"href":"https:\/\/www.cronacaonline.it\/index.php\/wp-json\/wp\/v2\/users\/2"}],"replies":[{"embeddable":true,"href":"https:\/\/www.cronacaonline.it\/index.php\/wp-json\/wp\/v2\/comments?post=265634"}],"version-history":[{"count":1,"href":"https:\/\/www.cronacaonline.it\/index.php\/wp-json\/wp\/v2\/posts\/265634\/revisions"}],"predecessor-version":[{"id":265635,"href":"https:\/\/www.cronacaonline.it\/index.php\/wp-json\/wp\/v2\/posts\/265634\/revisions\/265635"}],"wp:featuredmedia":[{"embeddable":true,"href":"https:\/\/www.cronacaonline.it\/index.php\/wp-json\/wp\/v2\/media\/264423"}],"wp:attachment":[{"href":"https:\/\/www.cronacaonline.it\/index.php\/wp-json\/wp\/v2\/media?parent=265634"}],"wp:term":[{"taxonomy":"category","embeddable":true,"href":"https:\/\/www.cronacaonline.it\/index.php\/wp-json\/wp\/v2\/categories?post=265634"},{"taxonomy":"post_tag","embeddable":true,"href":"https:\/\/www.cronacaonline.it\/index.php\/wp-json\/wp\/v2\/tags?post=265634"}],"curies":[{"name":"wp","href":"https:\/\/api.w.org\/{rel}","templated":true}]}}