{"id":265629,"date":"2025-10-16T11:12:08","date_gmt":"2025-10-16T09:12:08","guid":{"rendered":"https:\/\/www.cronacaonline.it\/?p=265629"},"modified":"2025-10-16T11:12:10","modified_gmt":"2025-10-16T09:12:10","slug":"economia-sostenibile-meloni-confartigianato-nellisola-14mila-realta-impegnate-nella-sostenibilita-ambientale-economica-e-sociale-calate-del-41-nellultimo-anno-elevato","status":"publish","type":"post","link":"https:\/\/www.cronacaonline.it\/index.php\/2025\/10\/16\/economia-sostenibile-meloni-confartigianato-nellisola-14mila-realta-impegnate-nella-sostenibilita-ambientale-economica-e-sociale-calate-del-41-nellultimo-anno-elevato\/","title":{"rendered":"Economia Sostenibile \u2013 Meloni, Confartigianato: Nell\u2019Isola 14mila realt\u00e0 impegnate nella sostenibilit\u00e0 ambientale, economica e sociale calate del 4,1% nell\u2019ultimo anno. Elevato il numero dei lavoratori sardi introvabili nel settore: 61mila."},"content":{"rendered":"\n<p>Cagliari, 16 Ott 20235 - Cala il numero delle imprese sarde che si sono impegnate nella transizione green. Quelle che nell\u2019Isola hanno investito in prodotti e tecnologie a maggior risparmio energetico o a minor impatto ambientale sono scese dell\u20194,1% passando dal 25,5% del 2023 al 21,4% del 2024. La netta frenata pone la regione al penultimo posto nella classifica nazionale, aperta dall\u2019Emilia Romagna (+1,6%) e chiusa dalla Basilicata (-8,6%) contro una media nazionale in calo dello 0,5%.<\/p>\n\n\n\n<p>Parallelamente \u00e8 sempre elevata la richiesta di dipendenti sardi con competenze specifiche quali attitudine a risparmio energetico e sostenibilit\u00e0 ambientale; infatti, su 130mila entrate previste, ben 61.440, il 47,1% non si trovano sul mercato. Di queste 8.420 sono richieste dalle imprese artigiane ma il 57%, equivalenti a 4.800 addetti, rimangono vacanti per molti mesi.<\/p>\n\n\n\n<p>I dati emergono dall\u2019analisi effettuata dall\u2019Ufficio Studi di Confartigianato Imprese Sardegna sull\u2019impatto della transizione green nell\u2019Isola, su fonte UnionCamere e Sistema Excelsior.<\/p>\n\n\n\n<p>A livello territoriale, le richieste di profili professionali green risultano essere 55mila su Cagliari di cui 27mila introvabili (48,9%), altre 55mila su Sassari-Gallura con 25mila introvabili (45,6), 12mila su Nuoro con 5mila introvabili (43,7%) e 7.800 a Oristano con 3.800 introvabili (49.6%).<\/p>\n\n\n\n<p>In totale, le imprese sarde impegnate nella sostenibilit\u00e0 ambientale, economica e sociale sono circa 14mila, dall\u2019alimentare all\u2019edilizia, dai servizi all\u2019arredo casa, dalla meccanica ai trasporti, per la loro crescita economica ed etica. A livello provinciale \u00e8 Cagliari la provincia pi\u00f9 virtuosa della Sardegna con le sue 5.987 imprese, seconda Sassari con 4.879 imprese, terza Nuoro con 1.770 realt\u00e0 e Oristano con 1.219 aziende.<\/p>\n\n\n\n<p>Importante anche il numero delle imprese che \u00e8 attiva nel settore delle energie da fonti rinnovabili (Fer); nell\u2019Isola sono 2.502 e danno lavoro a 7.993 addetti. A Cagliari operano 1.104 attivit\u00e0 con 4.113 addetti, a Sassari-Gallura 844 con 2.457 addetti, a Nuoro 356 realt\u00e0 con 867 lavoratori e a Oristano 198 con 556 addetti.<\/p>\n\n\n\n<p>\u201cLa sostenibilit\u00e0 non \u00e8 pi\u00f9 una parola astratta \u2013 commenta Giacomo Meloni, Presidente di Confartigianato Imprese Sardegna \u2013 \u00e8 una necessit\u00e0 che impone una responsabilit\u00e0 condivisa da parte di tutti, in primis gli artigiani e le piccole imprese, per preservare il valore delle cose. Noi siamo, quindi, per una sostenibilit\u00e0 che non esclude, ma coinvolge\u201d.<\/p>\n\n\n\n<p>Le attivit\u00e0 svolte dalle aziende regionali nei processi di transizione green, da cui derivano la riduzione delle emissioni inquinanti e il crescente utilizzo di tecnologie pulite, sono decisive per il conseguimento degli obiettivi economici con la sempre pi\u00f9 crescente necessit\u00e0 di conciliare l\u2019adozione di misure di sostenibilit\u00e0 ambientale ed etica con adeguati livelli di performance economica.<\/p>\n\n\n\n<p>In ogni caso, l\u2019analisi conferma il forte legame tra sostenibilit\u00e0 e produttivit\u00e0 nelle imprese che risultano maggiormente impegnate nella tutela dell\u2019ambiente, soprattutto in connessione all\u2019utilizzo di fonti rinnovabili ed all\u2019efficientamento energetico.<\/p>\n\n\n\n<p>\u201cLa sostenibilit\u00e0 rende possibile una cultura artigiana del futuro che sappia valorizzare il passato con lo sguardo dritto al futuro \u2013 aggiunge Meloni - non basta possedere e consumare: dobbiamo imparare a conservare, curare, riparare, trasmettere, perch\u00e9 in ogni cosa che facciamo c\u2019\u00e8 una parte di noi\u201d.<\/p>\n\n\n\n<p>Tra le azioni messe in essere dalle aziende, la pi\u00f9 diffusa \u00e8 quella per il trattamento dei rifiuti e viene realizzata dall\u201986,5% delle imprese che hanno effettuato interventi per la sostenibilit\u00e0. Seguono il monitoraggio dell\u2019inquinamento ambientale (62,4%), la predisposizione di piani di miglioramento dell\u2019efficienza energetica (43,4%), l\u2019uso di materiali riciclati (35,0%), l\u2019utilizzo di fonti energetiche rinnovabili (30,2%), il monitoraggio dei consumi idrici (29,9%), il monitoraggio delle emissioni di CO2 (16,9%), il riutilizzo e riciclo acque di scarico (15,5%), l\u2019efficientamento del sistema di trasporto aziendale (13,2%), l\u2019attivit\u00e0 per favorire l\u2019economia circolare (12,4%) e i piani per la mobilit\u00e0 sostenibile del personale (8,8%) mentre sono meno diffuse le attivit\u00e0 per gestire gli impatti sulla biodiversit\u00e0 (2,0%).<\/p>\n\n\n\n<p>Per ci\u00f2 che riguarda gli investimenti, il 37,7% delle piccole imprese li ha sostenuti per ottenere una gestione pi\u00f9 efficiente e sostenibile dell\u2019energia e dei trasporti. Tra questi si osserva una maggiore diffusione per l\u2019installazione di macchinari e impianti ad alta efficienza energetica (61,9% delle imprese che hanno investito) e di impianti per la produzione di energia elettrica da fonti rinnovabili (42,0%), seguite da acquisto veicoli a basse emissioni (elettrici, ibridi o alimentati a gas) (29,7%), isolamento termico edifici e realizzazione di edifici a basso consumo energetico (20,4%), installazione impianti per la produzione di energia termica rinnovabile (7,7%) e installazione di impianti di cogenerazione\/trigenerazione per recupero calore (6,9%).<\/p>\n\n\n\n<p>\u201cDa anni il mondo produttivo isolano dimostra un\u2019attenzione specifica ai temi della sostenibilit\u00e0 ambientale \u2013 rimarca il Presidente di Confartigianato Sardegna - e oggi, anche in ragione dell\u2019emergenza energetica, guarda con interesse alle potenzialit\u00e0 delle rinnovabili\u201d. Mettere in moto e rafforzare la transizione ecologica \u00e8 ormai indispensabile \u2013 conclude Meloni \u2013 le imprese artigiane, che hanno nel dna la resilienza e la capacit\u00e0 di essere anticipatrici, lo hanno fatto anche nei mesi dell\u2019emergenza sanitaria, attivando trasformazioni quindi facendo di necessit\u00e0 virt\u00f9\u201d. Com<\/p>\n","protected":false},"excerpt":{"rendered":"<p>Cagliari, 16 Ott 20235 &#8211; Cala il numero delle imprese sarde che si sono impegnate nella transizione green. Quelle che nell\u2019Isola hanno investito in prodotti&#8230;<\/p>\n","protected":false},"author":2,"featured_media":265411,"comment_status":"closed","ping_status":"open","sticky":false,"template":"","format":"standard","meta":[],"categories":[49,53],"tags":[],"_links":{"self":[{"href":"https:\/\/www.cronacaonline.it\/index.php\/wp-json\/wp\/v2\/posts\/265629"}],"collection":[{"href":"https:\/\/www.cronacaonline.it\/index.php\/wp-json\/wp\/v2\/posts"}],"about":[{"href":"https:\/\/www.cronacaonline.it\/index.php\/wp-json\/wp\/v2\/types\/post"}],"author":[{"embeddable":true,"href":"https:\/\/www.cronacaonline.it\/index.php\/wp-json\/wp\/v2\/users\/2"}],"replies":[{"embeddable":true,"href":"https:\/\/www.cronacaonline.it\/index.php\/wp-json\/wp\/v2\/comments?post=265629"}],"version-history":[{"count":1,"href":"https:\/\/www.cronacaonline.it\/index.php\/wp-json\/wp\/v2\/posts\/265629\/revisions"}],"predecessor-version":[{"id":265630,"href":"https:\/\/www.cronacaonline.it\/index.php\/wp-json\/wp\/v2\/posts\/265629\/revisions\/265630"}],"wp:featuredmedia":[{"embeddable":true,"href":"https:\/\/www.cronacaonline.it\/index.php\/wp-json\/wp\/v2\/media\/265411"}],"wp:attachment":[{"href":"https:\/\/www.cronacaonline.it\/index.php\/wp-json\/wp\/v2\/media?parent=265629"}],"wp:term":[{"taxonomy":"category","embeddable":true,"href":"https:\/\/www.cronacaonline.it\/index.php\/wp-json\/wp\/v2\/categories?post=265629"},{"taxonomy":"post_tag","embeddable":true,"href":"https:\/\/www.cronacaonline.it\/index.php\/wp-json\/wp\/v2\/tags?post=265629"}],"curies":[{"name":"wp","href":"https:\/\/api.w.org\/{rel}","templated":true}]}}