{"id":265599,"date":"2025-10-15T16:45:31","date_gmt":"2025-10-15T14:45:31","guid":{"rendered":"https:\/\/www.cronacaonline.it\/?p=265599"},"modified":"2025-10-15T16:45:34","modified_gmt":"2025-10-15T14:45:34","slug":"allerta-di-rischio-idrogeologico-per-pioggia-anche-a-cagliari-sino-alle-18-di-giovedi-16-ottobre-2025","status":"publish","type":"post","link":"https:\/\/www.cronacaonline.it\/index.php\/2025\/10\/15\/allerta-di-rischio-idrogeologico-per-pioggia-anche-a-cagliari-sino-alle-18-di-giovedi-16-ottobre-2025\/","title":{"rendered":"Allerta di rischio idrogeologico per pioggia anche a Cagliari sino alle 18 di gioved\u00ec 16 ottobre 2025."},"content":{"rendered":"\n<p>Cagliari, 15 Ott 2025 - Dalle 14 di oggi, mercoled\u00ec 15, e sino alle 18 di domani, gioved\u00ec 16 ottobre 2025, anche il Campidano sar\u00e0 interessato da allerta di codice giallo (criticit\u00e0 ordinaria) per rischio idrogeologico. L\u2019avviso \u00e8 della Protezione civile regionale.<\/p>\n\n\n\n<p>In particolare per il territorio municipale di Pirri, la Protezione civile del Comune di Cagliari con uno specifico avviso ha reso noto anche il seguente elenco delle strade in cui \u00e8 opportuno evitare di parcheggiare durante il periodo di rischio temporali.<\/p>\n","protected":false},"excerpt":{"rendered":"<p>Cagliari, 15 Ott 2025 &#8211; Dalle 14 di oggi, mercoled\u00ec 15, e sino alle 18 di domani, gioved\u00ec 16 ottobre 2025, anche il Campidano sar\u00e0&#8230;<\/p>\n","protected":false},"author":2,"featured_media":254133,"comment_status":"closed","ping_status":"open","sticky":false,"template":"","format":"standard","meta":[],"categories":[49,53],"tags":[],"_links":{"self":[{"href":"https:\/\/www.cronacaonline.it\/index.php\/wp-json\/wp\/v2\/posts\/265599"}],"collection":[{"href":"https:\/\/www.cronacaonline.it\/index.php\/wp-json\/wp\/v2\/posts"}],"about":[{"href":"https:\/\/www.cronacaonline.it\/index.php\/wp-json\/wp\/v2\/types\/post"}],"author":[{"embeddable":true,"href":"https:\/\/www.cronacaonline.it\/index.php\/wp-json\/wp\/v2\/users\/2"}],"replies":[{"embeddable":true,"href":"https:\/\/www.cronacaonline.it\/index.php\/wp-json\/wp\/v2\/comments?post=265599"}],"version-history":[{"count":1,"href":"https:\/\/www.cronacaonline.it\/index.php\/wp-json\/wp\/v2\/posts\/265599\/revisions"}],"predecessor-version":[{"id":265600,"href":"https:\/\/www.cronacaonline.it\/index.php\/wp-json\/wp\/v2\/posts\/265599\/revisions\/265600"}],"wp:featuredmedia":[{"embeddable":true,"href":"https:\/\/www.cronacaonline.it\/index.php\/wp-json\/wp\/v2\/media\/254133"}],"wp:attachment":[{"href":"https:\/\/www.cronacaonline.it\/index.php\/wp-json\/wp\/v2\/media?parent=265599"}],"wp:term":[{"taxonomy":"category","embeddable":true,"href":"https:\/\/www.cronacaonline.it\/index.php\/wp-json\/wp\/v2\/categories?post=265599"},{"taxonomy":"post_tag","embeddable":true,"href":"https:\/\/www.cronacaonline.it\/index.php\/wp-json\/wp\/v2\/tags?post=265599"}],"curies":[{"name":"wp","href":"https:\/\/api.w.org\/{rel}","templated":true}]}}