{"id":265547,"date":"2025-10-14T13:16:40","date_gmt":"2025-10-14T11:16:40","guid":{"rendered":"https:\/\/www.cronacaonline.it\/?p=265547"},"modified":"2025-10-14T13:16:41","modified_gmt":"2025-10-14T11:16:41","slug":"ambulatorio-di-stomaterapia-del-policlinico-punto-di-riferimento-in-sardegna-in-un-anno-900-accessi-zorcolo-e-deidda-un-team-multidisciplinare-per-garantire-continuita-delle-cure","status":"publish","type":"post","link":"https:\/\/www.cronacaonline.it\/index.php\/2025\/10\/14\/ambulatorio-di-stomaterapia-del-policlinico-punto-di-riferimento-in-sardegna-in-un-anno-900-accessi-zorcolo-e-deidda-un-team-multidisciplinare-per-garantire-continuita-delle-cure\/","title":{"rendered":"Ambulatorio di stomaterapia del Policlinico, punto di riferimento in Sardegna. In un anno 900 accessi. Zorcolo e Deidda: \u00abUn team multidisciplinare per garantire continuit\u00e0 delle cure\u00bb"},"content":{"rendered":"\n<p>Cagliari 14 Ott 2025.\u00a0L\u2019ambulatorio\u00a0di\u00a0stomaterapia\u00a0del\u00a0Policlinico Duilio Casula, afferente alla\u00a0Chirurgia Colonproctologica\u00a0diretta dal\u00a0professor Luigi Zorcolo, nel 2024 ha accolto 417 pazienti con un totale di\u00a0900 accessi. Numeri, spiega Zorcolo, \u00abche rendono il servizio un\u00a0punto di riferimento\u00a0per i\u00a0pazienti stomizzati\u00a0e le loro\u00a0famiglie\u00bb.<\/p>\n\n\n\n<p>L\u2019ambulatorio \u00e8 parte integrante del&nbsp;Percorso diagnostico terapeutico assistenziale&nbsp;(PDTA)&nbsp;dedicato alle neoplasie del colon e del retto, ed \u00e8 gestito da un&nbsp;team multidisciplinare&nbsp;composto dalla professoressa Simona Deidda e da due stomaterapisti, Giovanni Sarritzu e Danila Dav\u00ec, che collaborano con diversi specialisti, svolgendo un ruolo fondamentale nel&nbsp;garantire continuit\u00e0 assistenziale e supporto al paziente.<\/p>\n\n\n\n<p>L\u2019obiettivo principale dell\u2019ambulatorio \u00e8 quello di&nbsp;garantire un\u2019assistenza specialistica&nbsp;che non si limiti all\u2019aspetto clinico, ma che tenga conto anche delle&nbsp;esigenze psicologiche e sociali&nbsp;della persona.<\/p>\n\n\n\n<p>L\u2019ambulatorio, dice la professoressa Deidda, \u00abcollabora strettamente con tutte le unit\u00e0 chirurgiche dell\u2019Azienda ospedaliero universitaria di Cagliari&nbsp;e accompagna i pazienti in un&nbsp;percorso di cura personalizzato&nbsp;che va dalla fase pre-operatoria fino al reinserimento nella vita quotidiana\u00bb.<\/p>\n\n\n\n<p>Le attivit\u00e0 offerte sono tante e comprendono la&nbsp;valutazione pre-operatoria&nbsp;e la&nbsp;marcatura del sito stomale, l\u2019educazione&nbsp;e l\u2019addestramento&nbsp;del paziente e dei caregiver&nbsp;alla gestione della stomia, il&nbsp;follow-up&nbsp;post-operatorio, la gestione delle complicanze, la consulenza nella scelta dei presidi pi\u00f9 idonei e il supporto al reinserimento sociale.<\/p>\n\n\n\n<p>Il servizio si rivolge sia ai pazienti ricoverati sia a coloro che accedono tramite il CUP,&nbsp;garantendo consulenze specialistiche tempestive ed efficaci.<\/p>\n\n\n\n<p>Grazie a questo modello organizzativo, conclude la specialista, \u00abl\u2019ambulatorio di stomaterapia del Policlinico contribuisce in maniera significativa a&nbsp;migliorare la qualit\u00e0 di vita dei pazienti, accompagnandoli in un percorso complesso con professionalit\u00e0, competenza e umanit\u00e0\u00bb.<\/p>\n","protected":false},"excerpt":{"rendered":"<p>Cagliari 14 Ott 2025.\u00a0L\u2019ambulatorio\u00a0di\u00a0stomaterapia\u00a0del\u00a0Policlinico Duilio Casula, afferente alla\u00a0Chirurgia Colonproctologica\u00a0diretta dal\u00a0professor Luigi Zorcolo, nel 2024 ha accolto 417 pazienti con un totale di\u00a0900 accessi. Numeri, spiega&#8230;<\/p>\n","protected":false},"author":2,"featured_media":12682,"comment_status":"closed","ping_status":"open","sticky":false,"template":"","format":"standard","meta":[],"categories":[49,53],"tags":[],"_links":{"self":[{"href":"https:\/\/www.cronacaonline.it\/index.php\/wp-json\/wp\/v2\/posts\/265547"}],"collection":[{"href":"https:\/\/www.cronacaonline.it\/index.php\/wp-json\/wp\/v2\/posts"}],"about":[{"href":"https:\/\/www.cronacaonline.it\/index.php\/wp-json\/wp\/v2\/types\/post"}],"author":[{"embeddable":true,"href":"https:\/\/www.cronacaonline.it\/index.php\/wp-json\/wp\/v2\/users\/2"}],"replies":[{"embeddable":true,"href":"https:\/\/www.cronacaonline.it\/index.php\/wp-json\/wp\/v2\/comments?post=265547"}],"version-history":[{"count":1,"href":"https:\/\/www.cronacaonline.it\/index.php\/wp-json\/wp\/v2\/posts\/265547\/revisions"}],"predecessor-version":[{"id":265548,"href":"https:\/\/www.cronacaonline.it\/index.php\/wp-json\/wp\/v2\/posts\/265547\/revisions\/265548"}],"wp:featuredmedia":[{"embeddable":true,"href":"https:\/\/www.cronacaonline.it\/index.php\/wp-json\/wp\/v2\/media\/12682"}],"wp:attachment":[{"href":"https:\/\/www.cronacaonline.it\/index.php\/wp-json\/wp\/v2\/media?parent=265547"}],"wp:term":[{"taxonomy":"category","embeddable":true,"href":"https:\/\/www.cronacaonline.it\/index.php\/wp-json\/wp\/v2\/categories?post=265547"},{"taxonomy":"post_tag","embeddable":true,"href":"https:\/\/www.cronacaonline.it\/index.php\/wp-json\/wp\/v2\/tags?post=265547"}],"curies":[{"name":"wp","href":"https:\/\/api.w.org\/{rel}","templated":true}]}}