{"id":265383,"date":"2025-10-09T16:11:34","date_gmt":"2025-10-09T14:11:34","guid":{"rendered":"https:\/\/www.cronacaonline.it\/?p=265383"},"modified":"2025-10-09T16:11:36","modified_gmt":"2025-10-09T14:11:36","slug":"obesita-pediatrica-fermiamola-prima-che-cresca-open-day-allospedale-microcitemico-venerdi-10-ottobre","status":"publish","type":"post","link":"https:\/\/www.cronacaonline.it\/index.php\/2025\/10\/09\/obesita-pediatrica-fermiamola-prima-che-cresca-open-day-allospedale-microcitemico-venerdi-10-ottobre\/","title":{"rendered":"Obesit\u00e0 pediatrica: fermiamola prima che cresca! Open day all&#8217;ospedale Microcitemico venerd\u00ec 10 ottobre."},"content":{"rendered":"\n<p>Cagliari, 9 Ott 2025 - Il 10 ottobre 2025\u00a0dalle\u00a0ore 9.30 alle ore 13.00\u00a0presso l\u2019aula Thun\u00a0del P.O.\u00a0Microcitemico, in occasione della\u00a0Giornata Nazionale dell\u2019Obesit\u00e0, il personale della SSD di Endocrinologia Pediatrica, insieme al personale della SSD di Chirurgia Metabolica e dell'Obesit\u00e0 dell'Arnas G. Brotzu,sar\u00e0 a disposizione per valutazioni cliniche e colloqui personalizzati in merito ad alimentazione, attivit\u00e0 fisica e terapie farmacologiche o chirurgiche in bambini e adolescenti con sovrappeso\/obesit\u00e0.<br>Le valutazioni saranno gratuite e senza necessit\u00e0 di appuntamento.<br>Inoltre, durante la mattinata i sanitari saranno in collegamento con la diretta facebook nazionale.<br>La Fondazione Italiana di Dietetica e Nutrizione Clinica ADI promuove ogni anno dal 2001 il 10 Ottobre, una giornata nazionale di sensibilizzazione nei confronti dell\u2019Obesit\u00e0 denominata Obesity Day.<br>L\u2019obiettivo \u00e8 quello di orientare in modo corretto l\u2019attenzione dei mass-media, dell\u2019opinione pubblica e anche di chi opera in sanit\u00e0, da una visione estetica ad una salutistica dell\u2019Obesit\u00e0; Le finalit\u00e0 dell\u2019Obesity Day sono: Sensibilizzare l\u2019opinione pubblica nei confronti dell\u2019Obesit\u00e0; Far conoscere l\u2019attivit\u00e0 dei Servizi di Dietetica all\u2019interno e all\u2019esterno della struttura sanitaria di appartenenza e comunicare un messaggio forte sul ruolo dei servizi ai mass-media, opinione pubblica e management dell\u2019Aziende Sanitarie attraverso la semplicit\u00e0 del messaggio, non trascurando la scientificit\u00e0 e la possibilit\u00e0 di approfondimenti mirati. Com<\/p>\n","protected":false},"excerpt":{"rendered":"<p>Cagliari, 9 Ott 2025 &#8211; Il 10 ottobre 2025\u00a0dalle\u00a0ore 9.30 alle ore 13.00\u00a0presso l\u2019aula Thun\u00a0del P.O.\u00a0Microcitemico, in occasione della\u00a0Giornata Nazionale dell\u2019Obesit\u00e0, il personale della SSD&#8230;<\/p>\n","protected":false},"author":2,"featured_media":243440,"comment_status":"closed","ping_status":"open","sticky":false,"template":"","format":"standard","meta":[],"categories":[49,53],"tags":[],"_links":{"self":[{"href":"https:\/\/www.cronacaonline.it\/index.php\/wp-json\/wp\/v2\/posts\/265383"}],"collection":[{"href":"https:\/\/www.cronacaonline.it\/index.php\/wp-json\/wp\/v2\/posts"}],"about":[{"href":"https:\/\/www.cronacaonline.it\/index.php\/wp-json\/wp\/v2\/types\/post"}],"author":[{"embeddable":true,"href":"https:\/\/www.cronacaonline.it\/index.php\/wp-json\/wp\/v2\/users\/2"}],"replies":[{"embeddable":true,"href":"https:\/\/www.cronacaonline.it\/index.php\/wp-json\/wp\/v2\/comments?post=265383"}],"version-history":[{"count":1,"href":"https:\/\/www.cronacaonline.it\/index.php\/wp-json\/wp\/v2\/posts\/265383\/revisions"}],"predecessor-version":[{"id":265384,"href":"https:\/\/www.cronacaonline.it\/index.php\/wp-json\/wp\/v2\/posts\/265383\/revisions\/265384"}],"wp:featuredmedia":[{"embeddable":true,"href":"https:\/\/www.cronacaonline.it\/index.php\/wp-json\/wp\/v2\/media\/243440"}],"wp:attachment":[{"href":"https:\/\/www.cronacaonline.it\/index.php\/wp-json\/wp\/v2\/media?parent=265383"}],"wp:term":[{"taxonomy":"category","embeddable":true,"href":"https:\/\/www.cronacaonline.it\/index.php\/wp-json\/wp\/v2\/categories?post=265383"},{"taxonomy":"post_tag","embeddable":true,"href":"https:\/\/www.cronacaonline.it\/index.php\/wp-json\/wp\/v2\/tags?post=265383"}],"curies":[{"name":"wp","href":"https:\/\/api.w.org\/{rel}","templated":true}]}}