{"id":265245,"date":"2025-10-07T11:21:02","date_gmt":"2025-10-07T09:21:02","guid":{"rendered":"https:\/\/www.cronacaonline.it\/?p=265245"},"modified":"2025-10-07T11:21:03","modified_gmt":"2025-10-07T09:21:03","slug":"depressione-in-sardegna-triplicano-i-pazienti-in-cura-nei-servizi-di-salute-mentale-pinna-direttrice-psichiatria-e-manchia-direttore-scuola-di-specializzazione-ancora-tanti-continuano-a-non","status":"publish","type":"post","link":"https:\/\/www.cronacaonline.it\/index.php\/2025\/10\/07\/depressione-in-sardegna-triplicano-i-pazienti-in-cura-nei-servizi-di-salute-mentale-pinna-direttrice-psichiatria-e-manchia-direttore-scuola-di-specializzazione-ancora-tanti-continuano-a-non\/","title":{"rendered":"Depressione, in Sardegna triplicano i pazienti in cura nei servizi di salute mentale.\u00a0Pinna, direttrice Psichiatria e Manchia, direttore Scuola di specializzazione: ancora tanti continuano a non essere curati in maniera ottimale."},"content":{"rendered":"\n<p>Cagliari 7 Ott 2025.\u00a0La\u00a0Sardegna\u00a0\u00e8 tra le regioni italiane con la pi\u00f9 alta incidenza di\u00a0\u201csintomi depressivi significativi e duraturi\u201d\u00a0ma un\u00a0dato positivo\u00a0arriva dall\u2019ultimo Rapporto sulla Salute Mentale che registra un\u00a0importante aumento\u00a0della prevalenza di\u00a0utenti trattati per depressione nei Servizi Pubblici dell\u2019Isola. Si \u00e8 passati, dice la\u00a0professoressa\u00a0Federica Pinna,\u00a0direttrice di Psichiatria del San Giovanni di Dio, \u00abda\u00a010,5\u00a0a\u00a037,5\u00a0per 10mila abitanti tra il 2022 e il 2023, un dato ora in linea\u00a0con la media nazionale di 36,5 per 10mila abitanti\u00bb.<\/p>\n\n\n\n<p>Questa crescita, osserva la&nbsp;psichiatra, \u00abpotrebbe indicare una&nbsp;maggiore capacit\u00e0 del sistema sanitario di&nbsp;intercettare il disagio psicologico,&nbsp;ma anche una&nbsp;progressiva&nbsp;riduzione dello stigma legato alla salute mentale&nbsp;con un numero crescente di&nbsp;persone disposte a rivolgersi&nbsp;ai Servizi territoriali. Nonostante questi segnali incoraggianti,&nbsp;solo una minoranza delle persone affette da depressione riceve una diagnosi e una terapia di elevata qualit\u00e0. La maggior parte continua a non essere trattata o ad essere&nbsp;trattata in modo non ottimale\u00bb.<\/p>\n\n\n\n<p>Nell\u2019isola sono circa&nbsp;145mila i sardi coinvolti&nbsp;da questo disturbo,&nbsp;il&nbsp;10,1% degli adulti e il 12,3% degli anziani. \u00abA&nbsp;incrementare il rischio di depressione&nbsp;nell\u2019isola \u2013 spiega la&nbsp;professoressa&nbsp;\u2013 lo stato di&nbsp;povert\u00e0, la disoccupazione, l\u2019isolamento, gli eventi di vita stressanti e le&nbsp;malattie fisiche croniche.&nbsp;Le categorie&nbsp;pi\u00f9 colpite&nbsp;sono&nbsp;le donne e gli anziani, con un&nbsp;incremento recente nei pi\u00f9&nbsp;giovani, in particolare dopo la&nbsp;pandemia\u00bb.<\/p>\n\n\n\n<p>\u00abLe&nbsp;principali&nbsp;strategie di trattamento, spiega il&nbsp;professor&nbsp;Mirko Manchia,&nbsp;direttore della Scuola di Specializzazione in Psichiatria dell\u2019Ateneo di Cagliari, vedono protagonisti&nbsp;gli&nbsp;antidepressivi, farmaci che richiedono un\u2019adeguata formazione per la loro gestione clinica e che spesso sono integrati con&nbsp;percorsi di&nbsp;psicoterapia&nbsp;e\/o di terapie complementari&nbsp;biologiche&nbsp;come la stimolazione magnetica transcranica\u00bb. Un terzo dei pazienti manifesta&nbsp;resistenza&nbsp;ai trattamenti, dice ancora il&nbsp;professore, \u00abe per questo c\u2019\u00e8 necessit\u00e0 di intervenire con&nbsp;strategie diverse&nbsp;come, ad esempio, l\u2019utilizzo di&nbsp;farmaci cosiddetti&nbsp;a rapida azione&nbsp;(esketamina, o ancora in sperimentazione, la psilocibina)\u00bb.<\/p>\n\n\n\n<p>La&nbsp;depressione \u00e8 uno dei disturbi mentali pi\u00f9&nbsp;impattanti&nbsp;in termini di incidenza, disabilit\u00e0 e costi sociali, e si conferma come la&nbsp;principale causa di nuovi accessi&nbsp;ai Servizi di salute mentale pubblici.&nbsp;A livello&nbsp;globale, evidenzia la&nbsp;professoressa Pinna, \u00absi stima&nbsp;ne soffrano oltre&nbsp;322 milioni di persone,&nbsp;mentre&nbsp;in&nbsp;Italia,&nbsp;nel biennio 2022-2023, oltre&nbsp;3,5 milioni&nbsp;hanno riferito&nbsp;sintomi di umore depresso, percependo stabilmente compromesso il proprio benessere psicologico\u00bb.<\/p>\n\n\n\n<p>Il&nbsp;rischio aumenta con l\u2019et\u00e0, conclude la&nbsp;specialista, \u00abcon un&nbsp;picco massimo&nbsp;tra i 55 e i 64 anni,&nbsp;e risulta&nbsp;pi\u00f9 elevato tra le donne, le persone socialmente pi\u00f9 svantaggiate, chi vive solo e chi non pu\u00f2 contare su una valida rete di supporto sociale.&nbsp;Alla luce di questi dati&nbsp;\u00e8&nbsp;fondamentale rafforzare i Servizi territoriali di salute mentale&nbsp;e&nbsp;investire nei percorsi di presa in carico, assicurando&nbsp;risorse adeguate&nbsp;e un&nbsp;impegno concreto&nbsp;per offrire un accesso tempestivo, continuit\u00e0 terapeutica e un'assistenza di qualit\u00e0 a tutte le persone che soffrono di depressione\u00bb. Com<\/p>\n","protected":false},"excerpt":{"rendered":"<p>Cagliari 7 Ott 2025.\u00a0La\u00a0Sardegna\u00a0\u00e8 tra le regioni italiane con la pi\u00f9 alta incidenza di\u00a0\u201csintomi depressivi significativi e duraturi\u201d\u00a0ma un\u00a0dato positivo\u00a0arriva dall\u2019ultimo Rapporto sulla Salute Mentale&#8230;<\/p>\n","protected":false},"author":2,"featured_media":265246,"comment_status":"closed","ping_status":"open","sticky":false,"template":"","format":"standard","meta":[],"categories":[49,53],"tags":[],"_links":{"self":[{"href":"https:\/\/www.cronacaonline.it\/index.php\/wp-json\/wp\/v2\/posts\/265245"}],"collection":[{"href":"https:\/\/www.cronacaonline.it\/index.php\/wp-json\/wp\/v2\/posts"}],"about":[{"href":"https:\/\/www.cronacaonline.it\/index.php\/wp-json\/wp\/v2\/types\/post"}],"author":[{"embeddable":true,"href":"https:\/\/www.cronacaonline.it\/index.php\/wp-json\/wp\/v2\/users\/2"}],"replies":[{"embeddable":true,"href":"https:\/\/www.cronacaonline.it\/index.php\/wp-json\/wp\/v2\/comments?post=265245"}],"version-history":[{"count":1,"href":"https:\/\/www.cronacaonline.it\/index.php\/wp-json\/wp\/v2\/posts\/265245\/revisions"}],"predecessor-version":[{"id":265247,"href":"https:\/\/www.cronacaonline.it\/index.php\/wp-json\/wp\/v2\/posts\/265245\/revisions\/265247"}],"wp:featuredmedia":[{"embeddable":true,"href":"https:\/\/www.cronacaonline.it\/index.php\/wp-json\/wp\/v2\/media\/265246"}],"wp:attachment":[{"href":"https:\/\/www.cronacaonline.it\/index.php\/wp-json\/wp\/v2\/media?parent=265245"}],"wp:term":[{"taxonomy":"category","embeddable":true,"href":"https:\/\/www.cronacaonline.it\/index.php\/wp-json\/wp\/v2\/categories?post=265245"},{"taxonomy":"post_tag","embeddable":true,"href":"https:\/\/www.cronacaonline.it\/index.php\/wp-json\/wp\/v2\/tags?post=265245"}],"curies":[{"name":"wp","href":"https:\/\/api.w.org\/{rel}","templated":true}]}}