{"id":265203,"date":"2025-10-06T13:01:41","date_gmt":"2025-10-06T11:01:41","guid":{"rendered":"https:\/\/www.cronacaonline.it\/?p=265203"},"modified":"2025-10-06T13:01:42","modified_gmt":"2025-10-06T11:01:42","slug":"consiglio-sardegna-presentazione-degli-atti-degli-stati-generali-dellinfanzia-contra-a-sa-violentzia-a-sas-feminas","status":"publish","type":"post","link":"https:\/\/www.cronacaonline.it\/index.php\/2025\/10\/06\/consiglio-sardegna-presentazione-degli-atti-degli-stati-generali-dellinfanzia-contra-a-sa-violentzia-a-sas-feminas\/","title":{"rendered":"Consiglio Sardegna \u2013 Presentazione degli atti degli stati generali dell\u2019infanzia Contra a Sa Violentzia a Sas Feminas."},"content":{"rendered":"\n<p>Cagliari, 6 Ott 2025 - Gli Atti degli Stati Generali dell\u2019infanzia, \u201cContra a Sa Violentzia a Sas Feminas\u201d, fortemente voluti dalla Garante regionale per l\u2019infanzia e l\u2019adolescenza, Carla Puligheddu, verranno presentati per la prima volta a Alghero, presso la sala conferenze del Quarter il giorno 9 ottobre 2025 alle ore 16.30.<\/p>\n\n\n\n<p>Interverranno Carla Puligheddu, Speranza Piredda e Patrizia Desole. Dialogheranno con gli autori Neria De Giovanni e Milena Piazza.<\/p>\n\n\n\n<p>Gli Stati Generali dell\u2019infanzia si sono tenuti a Sassari il 25 e 26 ottobre 2024 con lo scopo di promuovere l\u2019educazione all\u2019affettivit\u00e0, al rispetto, alla sacralit\u00e0 della vita, alla parit\u00e0, di prevenire la violenza di genere di cui le prime vittime sono i figli e le figlie minori<\/p>\n\n\n\n<p>\"Gli Stati Generali dell\u2019Infanzia - afferma la Garante - non si esauriranno senza aver inciso sullo sviluppo di una coscienza sociale diffusa, pertanto gli Atti hanno l\u2019obiettivo di sensibilizzare la societ\u00e0 nel suo complesso promuovendo il cambiamento delle governance dei sistemi, culturale, politico, istituzionale, accademico, sanitario e giuridico, che orbitano nella fase evolutiva 0\/6, offrendo strumenti concreti per azioni corali di tipo educativo, formativo e normativo, finalizzati soprattutto alla prevenzione della violenza di genere e il contrasto ad ogni altro tipo di violenza\". Com<\/p>\n","protected":false},"excerpt":{"rendered":"<p>Cagliari, 6 Ott 2025 &#8211; Gli Atti degli Stati Generali dell\u2019infanzia, \u201cContra a Sa Violentzia a Sas Feminas\u201d, fortemente voluti dalla Garante regionale per l\u2019infanzia&#8230;<\/p>\n","protected":false},"author":2,"featured_media":253585,"comment_status":"closed","ping_status":"open","sticky":false,"template":"","format":"standard","meta":[],"categories":[49,53],"tags":[],"_links":{"self":[{"href":"https:\/\/www.cronacaonline.it\/index.php\/wp-json\/wp\/v2\/posts\/265203"}],"collection":[{"href":"https:\/\/www.cronacaonline.it\/index.php\/wp-json\/wp\/v2\/posts"}],"about":[{"href":"https:\/\/www.cronacaonline.it\/index.php\/wp-json\/wp\/v2\/types\/post"}],"author":[{"embeddable":true,"href":"https:\/\/www.cronacaonline.it\/index.php\/wp-json\/wp\/v2\/users\/2"}],"replies":[{"embeddable":true,"href":"https:\/\/www.cronacaonline.it\/index.php\/wp-json\/wp\/v2\/comments?post=265203"}],"version-history":[{"count":1,"href":"https:\/\/www.cronacaonline.it\/index.php\/wp-json\/wp\/v2\/posts\/265203\/revisions"}],"predecessor-version":[{"id":265204,"href":"https:\/\/www.cronacaonline.it\/index.php\/wp-json\/wp\/v2\/posts\/265203\/revisions\/265204"}],"wp:featuredmedia":[{"embeddable":true,"href":"https:\/\/www.cronacaonline.it\/index.php\/wp-json\/wp\/v2\/media\/253585"}],"wp:attachment":[{"href":"https:\/\/www.cronacaonline.it\/index.php\/wp-json\/wp\/v2\/media?parent=265203"}],"wp:term":[{"taxonomy":"category","embeddable":true,"href":"https:\/\/www.cronacaonline.it\/index.php\/wp-json\/wp\/v2\/categories?post=265203"},{"taxonomy":"post_tag","embeddable":true,"href":"https:\/\/www.cronacaonline.it\/index.php\/wp-json\/wp\/v2\/tags?post=265203"}],"curies":[{"name":"wp","href":"https:\/\/api.w.org\/{rel}","templated":true}]}}