{"id":265061,"date":"2025-10-02T10:00:26","date_gmt":"2025-10-02T08:00:26","guid":{"rendered":"https:\/\/www.cronacaonline.it\/?p=265061"},"modified":"2025-10-02T10:00:29","modified_gmt":"2025-10-02T08:00:29","slug":"comune-di-cagliari-notti-colorate-2025-si-arricchisce-il-programma-del-3-e-4-ottobre","status":"publish","type":"post","link":"https:\/\/www.cronacaonline.it\/index.php\/2025\/10\/02\/comune-di-cagliari-notti-colorate-2025-si-arricchisce-il-programma-del-3-e-4-ottobre\/","title":{"rendered":"Comune di Cagliari &#8211; Notti Colorate 2025, si arricchisce il programma del 3 e 4 ottobre."},"content":{"rendered":"\n<p>Cagliari, 2 Ott 2025 - Si arricchisce il programma delle Notti Colorate 2025, l'appuntamento con l'arte e lo spettacolo nelle piazze storiche e nelle vie del commercio in programma venerd\u00ec 3 e sabato 4 ottobre.<\/p>\n\n\n\n<p>Mentre le attivit\u00e0 commerciali che aderiscono all'iniziativa resteranno aperte sino alle 22, anche Palazzo di Citt\u00e0, in Castello, proroga l'orario di apertura con visite guidate su prenotazione a cura degli storici dell\u2019arte. Inoltre, \u00e8 prevista una guida speciale con un'interprete Lis alle ore 20 di venerd\u00ec: ingresso gratuito per le persone con disabilit\u00e0.<\/p>\n\n\n\n<p>Il programma delle aperture straordinarie di Palazzo di Citt\u00e0 nel dettaglio:<\/p>\n\n\n\n<p>Venerd\u00ec 3 il museo sar\u00e0 aperto in via eccezionale fino alle ore 21 per consentire al pubblico di poter visitare la mostra \"Letizia Battaglia. Senza fine\", un'esposizione emozionante ed immersiva, grazie all'allestimento che consente al visitatore di \"vivere\" le immagini della grande fotografa siciliana. Sar\u00e0 possibile seguire una visita guidata da uno storico dell\u2019arte alle ore 18, mentre alle ore 20 la visita sar\u00e0 arricchita dalla presenza di una interprete del linguaggio dei segni.<\/p>\n\n\n\n<p>Sabato 4 ottobre il Palazzo sar\u00e0 aperto fino alle ore 20 e il pubblico potr\u00e0 seguire la visita di uno storico dell\u2019arte alle ore 18.<\/p>\n\n\n\n<p>Per seguire le visite \u00e8 necessaria la prenotazione tramite il sito web dei Musei Civici di Cagliari (link in basso)<\/p>\n\n\n\n<p>Per ulteriori informazioni sono disponibili il numero di telefono 070-6776482 e l'indirizzo mail&nbsp;<a href=\"javascript:window.mailto(%7bmailto:'infoeprenotazioni%40museicivicicagliari.it',%20subject:%20''%7d)\">infoeprenotazioni@museicivicicagliari.it<\/a><\/p>\n\n\n\n<p>Prenotazioni per le visite a Palazzo di Citt\u00e0:<a href=\"https:\/\/sistemamuseale.museicivicicagliari.it\/prenotazione-palazzo-di-citta\/\" target=\"_blank\" rel=\"noreferrer noopener\">&nbsp;https:\/\/sistemamuseale.museicivicicagliari.it\/prenotazione-palazzo-di-citta\/&nbsp;<\/a><\/p>\n","protected":false},"excerpt":{"rendered":"<p>Cagliari, 2 Ott 2025 &#8211; Si arricchisce il programma delle Notti Colorate 2025, l&#8217;appuntamento con l&#8217;arte e lo spettacolo nelle piazze storiche e nelle vie&#8230;<\/p>\n","protected":false},"author":2,"featured_media":146037,"comment_status":"closed","ping_status":"open","sticky":false,"template":"","format":"standard","meta":[],"categories":[49,53],"tags":[],"_links":{"self":[{"href":"https:\/\/www.cronacaonline.it\/index.php\/wp-json\/wp\/v2\/posts\/265061"}],"collection":[{"href":"https:\/\/www.cronacaonline.it\/index.php\/wp-json\/wp\/v2\/posts"}],"about":[{"href":"https:\/\/www.cronacaonline.it\/index.php\/wp-json\/wp\/v2\/types\/post"}],"author":[{"embeddable":true,"href":"https:\/\/www.cronacaonline.it\/index.php\/wp-json\/wp\/v2\/users\/2"}],"replies":[{"embeddable":true,"href":"https:\/\/www.cronacaonline.it\/index.php\/wp-json\/wp\/v2\/comments?post=265061"}],"version-history":[{"count":1,"href":"https:\/\/www.cronacaonline.it\/index.php\/wp-json\/wp\/v2\/posts\/265061\/revisions"}],"predecessor-version":[{"id":265062,"href":"https:\/\/www.cronacaonline.it\/index.php\/wp-json\/wp\/v2\/posts\/265061\/revisions\/265062"}],"wp:featuredmedia":[{"embeddable":true,"href":"https:\/\/www.cronacaonline.it\/index.php\/wp-json\/wp\/v2\/media\/146037"}],"wp:attachment":[{"href":"https:\/\/www.cronacaonline.it\/index.php\/wp-json\/wp\/v2\/media?parent=265061"}],"wp:term":[{"taxonomy":"category","embeddable":true,"href":"https:\/\/www.cronacaonline.it\/index.php\/wp-json\/wp\/v2\/categories?post=265061"},{"taxonomy":"post_tag","embeddable":true,"href":"https:\/\/www.cronacaonline.it\/index.php\/wp-json\/wp\/v2\/tags?post=265061"}],"curies":[{"name":"wp","href":"https:\/\/api.w.org\/{rel}","templated":true}]}}