{"id":264995,"date":"2025-09-30T18:53:13","date_gmt":"2025-09-30T16:53:13","guid":{"rendered":"https:\/\/www.cronacaonline.it\/?p=264995"},"modified":"2025-09-30T18:53:14","modified_gmt":"2025-09-30T16:53:14","slug":"rendiconto-sociale-inps-uil-sardegna-troppa-disparita-di-genere-e-criticita-servono-politiche-mirate-su-formazione-e-istruzione","status":"publish","type":"post","link":"https:\/\/www.cronacaonline.it\/index.php\/2025\/09\/30\/rendiconto-sociale-inps-uil-sardegna-troppa-disparita-di-genere-e-criticita-servono-politiche-mirate-su-formazione-e-istruzione\/","title":{"rendered":"Rendiconto sociale Inps, Uil Sardegna: \u201cTroppa disparit\u00e0 di genere e criticit\u00e0, servono politiche mirate su formazione e istruzione\u201d."},"content":{"rendered":"\n<p>Cagliari, 30 Sett 2025 - \u201cLo scenario mostrato dal Rendiconto sociale Inps evidenzia ancora forti criticit\u00e0 segnate da livelli troppo elevati di precariet\u00e0\u201d.<\/p>\n\n\n\n<p>Cos\u00ec Elena Carta della segreteria regionale della Uil Sardegna sul Rendiconto sociale Inps presentato oggi.<\/p>\n\n\n\n<p>\u201cL'istituto nazionale di previdenza sociale indica segnali positivi \u2013 ha detto Carta \u2013 con l'aumento del saldo occupazionale. Ma bisogna osservare con attenzione questi numeri. Gran parte delle assunzioni vedono l'applicazione di contratti a termine e part-time\u201d. Ma \u00e8 solo la punta dell'iceberg: \u201cL'Inps evidenzia una forte disparit\u00e0 di genere \u2013 ha precisato la segretaria Uil Sardegna \u2013 che riguarda pi\u00f9 aspetti: nell'Isola c'\u00e8 una differenza salariale tra uomini e donne, che aumenta ancor di pi\u00f9 se viene paragonata agli stipendi nelle altre regioni d'Italia. Questa situazione si ripercuote di conseguenza anche sulle pensioni: pi\u00f9 basse se non ai minimi quelle delle donne sarde, pi\u00f9 alte quelle degli uomini\u201d.<\/p>\n\n\n\n<p>Secondo la Uil Sardegna \u201cservono politiche mirate che favoriscano non solo l'occupazione, ma volte a migliorare la qualit\u00e0 del lavoro \u2013 ha aggiunto Carta \u2013 Servono politiche e scelte che portino ad annullare la disparit\u00e0 di genere e riescano a trattenere i giovani nel nostro territorio investendo sulla loro formazione e istruzione\u201d.<\/p>\n\n\n\n<p>\u201c??Su questi temi \u2013 conclude - c'\u00e8 bisogno di un dialogo continuo con la Regione Sardegna e le istituzioni. Dobbiamo fare rete per trovare soluzioni\u201d. Com<\/p>\n","protected":false},"excerpt":{"rendered":"<p>Cagliari, 30 Sett 2025 &#8211; \u201cLo scenario mostrato dal Rendiconto sociale Inps evidenzia ancora forti criticit\u00e0 segnate da livelli troppo elevati di precariet\u00e0\u201d. Cos\u00ec Elena&#8230;<\/p>\n","protected":false},"author":2,"featured_media":264996,"comment_status":"closed","ping_status":"open","sticky":false,"template":"","format":"standard","meta":[],"categories":[49,53],"tags":[],"_links":{"self":[{"href":"https:\/\/www.cronacaonline.it\/index.php\/wp-json\/wp\/v2\/posts\/264995"}],"collection":[{"href":"https:\/\/www.cronacaonline.it\/index.php\/wp-json\/wp\/v2\/posts"}],"about":[{"href":"https:\/\/www.cronacaonline.it\/index.php\/wp-json\/wp\/v2\/types\/post"}],"author":[{"embeddable":true,"href":"https:\/\/www.cronacaonline.it\/index.php\/wp-json\/wp\/v2\/users\/2"}],"replies":[{"embeddable":true,"href":"https:\/\/www.cronacaonline.it\/index.php\/wp-json\/wp\/v2\/comments?post=264995"}],"version-history":[{"count":1,"href":"https:\/\/www.cronacaonline.it\/index.php\/wp-json\/wp\/v2\/posts\/264995\/revisions"}],"predecessor-version":[{"id":264997,"href":"https:\/\/www.cronacaonline.it\/index.php\/wp-json\/wp\/v2\/posts\/264995\/revisions\/264997"}],"wp:featuredmedia":[{"embeddable":true,"href":"https:\/\/www.cronacaonline.it\/index.php\/wp-json\/wp\/v2\/media\/264996"}],"wp:attachment":[{"href":"https:\/\/www.cronacaonline.it\/index.php\/wp-json\/wp\/v2\/media?parent=264995"}],"wp:term":[{"taxonomy":"category","embeddable":true,"href":"https:\/\/www.cronacaonline.it\/index.php\/wp-json\/wp\/v2\/categories?post=264995"},{"taxonomy":"post_tag","embeddable":true,"href":"https:\/\/www.cronacaonline.it\/index.php\/wp-json\/wp\/v2\/tags?post=264995"}],"curies":[{"name":"wp","href":"https:\/\/api.w.org\/{rel}","templated":true}]}}