{"id":264833,"date":"2025-09-26T16:03:39","date_gmt":"2025-09-26T14:03:39","guid":{"rendered":"https:\/\/www.cronacaonline.it\/?p=264833"},"modified":"2025-09-26T16:03:41","modified_gmt":"2025-09-26T14:03:41","slug":"antincendio-boschivo-e-interventi-di-protezione-civile-regione-e-aeronautica-militare-sottoscrivono-un-protocollo-dintesa","status":"publish","type":"post","link":"https:\/\/www.cronacaonline.it\/index.php\/2025\/09\/26\/antincendio-boschivo-e-interventi-di-protezione-civile-regione-e-aeronautica-militare-sottoscrivono-un-protocollo-dintesa\/","title":{"rendered":"Antincendio boschivo e interventi di Protezione civile: Regione e Aeronautica militare sottoscrivono un protocollo d\u2019intesa."},"content":{"rendered":"\n<p>Cagliari, 26 settembre 2025\u00a0- Questa mattina nella sede della Protezione Civile, la Regione Autonoma della Sardegna, tramite le Direzioni Generali della Protezione Civile e del Corpo Forestale e di Vigilanza Ambientale, ha sottoscritto un protocollo d\u2019intesa con l\u2019Aeronautica Militare finalizzato a consolidare la collaborazione interistituzionale nella gestione delle emergenze, nella prevenzione degli incendi boschivi e nello scambio di esperienze pratiche e addestrative da attuare negli interventi di protezione civile. \u201cCon la sottoscrizione di questo accordo, Regione Sardegna e Aeronautica Militare avviano un percorso strutturato di cooperazione tecnico-operativa, finalizzato a rafforzare le capacit\u00e0 di risposta del Sistema regionale di protezione civile e a garantire un pi\u00f9 efficace impiego delle risorse in caso di eventi emergenziali\u201d commenta Mauro Merella, Direttore generale della protezione civile.<\/p>\n\n\n\n<p>L\u2019accordo definisce un quadro organico di modalit\u00e0 operative e addestrative per favorire lo scambio di conoscenze tecniche, l\u2019incremento delle capacit\u00e0 di intervento e l\u2019ottimizzazione del flusso delle comunicazioni tra le parti. Le aree di cooperazione comprendono: \u2022 elaborazione di moduli formativi specialistici su tematiche di interesse comune; \u2022 consulenze e supporti operativi in ambiti specifici (meteorologia, avvistamento, pianificazione emergenziale); realizzazione di attivit\u00e0 addestrative congiunte e di esercitazioni di protezione civile.<\/p>\n\n\n\n<p>\u201cQuesto Protocollo presidia l\u2019interesse pubblico e rafforza la collaborazione \u2013 gi\u00e0 eccellente \u2013 tra la Regione Autonoma della Sardegna e l\u2019Aeronautica Militare. Le azioni di formazione, addestramento previste in materia di antincendio boschivo per il personale dell\u2019Aeronautica e le azioni di messa in sicurezza del territorio contribuiranno in modo significativo alla condivisione di conoscenza e alla mitigazione del rischio nella nostra isola\u201d, ha commentato il Comandante del Corpo Forestale e di Vigilanza Ambientale Gianluca Cocco.<\/p>\n\n\n\n<p>In attuazione del documento, la Protezione Civile e il Cfva si impegnano a programmare attivit\u00e0 di formazione e addestramento in materia di antincendio boschivo e rurale, rivolte al personale dell\u2019Aeronautica Militare in servizio presso le installazioni presenti nel territorio regionale (Aeroporto di Decimomannu, Distaccamento Aeroportuale di Alghero, sedimi di Perdasdefogu, Capo San Lorenzo, Capo Frasca e Serrenti). \u201cAccolgo con soddisfazione la firma di questo Protocollo, che consolida ulteriormente le modalit\u00e0 di collaborazione dell\u2019Aeronautica Militare con il territorio. Oltre alle attivit\u00e0 gi\u00e0 garantite in Sardegna \u2013 dalla ricerca di dispersi al concorso alla campagna antincendi boschivi con i nostri elicotteri, fino ai trasporti sanitari in emergenza \u2013 questo accordo rappresenta un ulteriore passo per operare in sempre pi\u00f9 stretto connubio con le autorit\u00e0 regionali. L\u2019obiettivo comune \u00e8 rafforzare le capacit\u00e0 di intervento e incrementare il supporto alla comunit\u00e0\u201d ha dichiarato il Generale di Divisione Aerea Davide Cipelletti, firmatario dell\u2019accordo su delega del Capo di Stato Maggiore dell\u2019Aeronautica Militare.<\/p>\n\n\n\n<p>Le attivit\u00e0, che non comportano oneri a carico delle parti, saranno svolte al di fuori del periodo di elevato rischio incendi e potranno includere la sperimentazione di interventi di mitigazione del rischio come la riduzione del carico di combustibile e l\u2019utilizzo del fuoco prescritto a supporto delle operazioni di contrasto agli incendi. Com<\/p>\n","protected":false},"excerpt":{"rendered":"<p>Cagliari, 26 settembre 2025\u00a0&#8211; Questa mattina nella sede della Protezione Civile, la Regione Autonoma della Sardegna, tramite le Direzioni Generali della Protezione Civile e del&#8230;<\/p>\n","protected":false},"author":2,"featured_media":264834,"comment_status":"closed","ping_status":"open","sticky":false,"template":"","format":"standard","meta":[],"categories":[49,53],"tags":[],"_links":{"self":[{"href":"https:\/\/www.cronacaonline.it\/index.php\/wp-json\/wp\/v2\/posts\/264833"}],"collection":[{"href":"https:\/\/www.cronacaonline.it\/index.php\/wp-json\/wp\/v2\/posts"}],"about":[{"href":"https:\/\/www.cronacaonline.it\/index.php\/wp-json\/wp\/v2\/types\/post"}],"author":[{"embeddable":true,"href":"https:\/\/www.cronacaonline.it\/index.php\/wp-json\/wp\/v2\/users\/2"}],"replies":[{"embeddable":true,"href":"https:\/\/www.cronacaonline.it\/index.php\/wp-json\/wp\/v2\/comments?post=264833"}],"version-history":[{"count":1,"href":"https:\/\/www.cronacaonline.it\/index.php\/wp-json\/wp\/v2\/posts\/264833\/revisions"}],"predecessor-version":[{"id":264835,"href":"https:\/\/www.cronacaonline.it\/index.php\/wp-json\/wp\/v2\/posts\/264833\/revisions\/264835"}],"wp:featuredmedia":[{"embeddable":true,"href":"https:\/\/www.cronacaonline.it\/index.php\/wp-json\/wp\/v2\/media\/264834"}],"wp:attachment":[{"href":"https:\/\/www.cronacaonline.it\/index.php\/wp-json\/wp\/v2\/media?parent=264833"}],"wp:term":[{"taxonomy":"category","embeddable":true,"href":"https:\/\/www.cronacaonline.it\/index.php\/wp-json\/wp\/v2\/categories?post=264833"},{"taxonomy":"post_tag","embeddable":true,"href":"https:\/\/www.cronacaonline.it\/index.php\/wp-json\/wp\/v2\/tags?post=264833"}],"curies":[{"name":"wp","href":"https:\/\/api.w.org\/{rel}","templated":true}]}}