{"id":264609,"date":"2025-09-22T15:38:35","date_gmt":"2025-09-22T13:38:35","guid":{"rendered":"https:\/\/www.cronacaonline.it\/?p=264609"},"modified":"2025-09-22T15:38:37","modified_gmt":"2025-09-22T13:38:37","slug":"maltempo-sardegna-anche-domani-previsti-temporali-codice-giallo-a-cagliari","status":"publish","type":"post","link":"https:\/\/www.cronacaonline.it\/index.php\/2025\/09\/22\/maltempo-sardegna-anche-domani-previsti-temporali-codice-giallo-a-cagliari\/","title":{"rendered":"Maltempo Sardegna \u2013 Anche domani previsti temporali: codice giallo a Cagliari."},"content":{"rendered":"\n<p>Cagliari, 22 Sett 2025 - Dalle ore 12 e sino alle 21 di marted\u00ec 23 settembre 2025, il territorio di Cagliari sar\u00e0 interessato da un allerta codice giallo - criticit\u00e0 ordinaria per rischio temporali.<\/p>\n\n\n\n<p>Oltre il Campidano, l'avviso della Protezione civile regionale interessa, anche le zone dell'Iglesiente, Montevecchio-Pischinappiu, Gallura, e nel caso della zona Flumendosa-Flumineddu, a partire da oggi, luned\u00ec 22 settembre. Com<\/p>\n","protected":false},"excerpt":{"rendered":"<p>Cagliari, 22 Sett 2025 &#8211; Dalle ore 12 e sino alle 21 di marted\u00ec 23 settembre 2025, il territorio di Cagliari sar\u00e0 interessato da un&#8230;<\/p>\n","protected":false},"author":2,"featured_media":234640,"comment_status":"closed","ping_status":"open","sticky":false,"template":"","format":"standard","meta":[],"categories":[49,53],"tags":[],"_links":{"self":[{"href":"https:\/\/www.cronacaonline.it\/index.php\/wp-json\/wp\/v2\/posts\/264609"}],"collection":[{"href":"https:\/\/www.cronacaonline.it\/index.php\/wp-json\/wp\/v2\/posts"}],"about":[{"href":"https:\/\/www.cronacaonline.it\/index.php\/wp-json\/wp\/v2\/types\/post"}],"author":[{"embeddable":true,"href":"https:\/\/www.cronacaonline.it\/index.php\/wp-json\/wp\/v2\/users\/2"}],"replies":[{"embeddable":true,"href":"https:\/\/www.cronacaonline.it\/index.php\/wp-json\/wp\/v2\/comments?post=264609"}],"version-history":[{"count":1,"href":"https:\/\/www.cronacaonline.it\/index.php\/wp-json\/wp\/v2\/posts\/264609\/revisions"}],"predecessor-version":[{"id":264610,"href":"https:\/\/www.cronacaonline.it\/index.php\/wp-json\/wp\/v2\/posts\/264609\/revisions\/264610"}],"wp:featuredmedia":[{"embeddable":true,"href":"https:\/\/www.cronacaonline.it\/index.php\/wp-json\/wp\/v2\/media\/234640"}],"wp:attachment":[{"href":"https:\/\/www.cronacaonline.it\/index.php\/wp-json\/wp\/v2\/media?parent=264609"}],"wp:term":[{"taxonomy":"category","embeddable":true,"href":"https:\/\/www.cronacaonline.it\/index.php\/wp-json\/wp\/v2\/categories?post=264609"},{"taxonomy":"post_tag","embeddable":true,"href":"https:\/\/www.cronacaonline.it\/index.php\/wp-json\/wp\/v2\/tags?post=264609"}],"curies":[{"name":"wp","href":"https:\/\/api.w.org\/{rel}","templated":true}]}}