{"id":264603,"date":"2025-09-22T13:17:51","date_gmt":"2025-09-22T11:17:51","guid":{"rendered":"https:\/\/www.cronacaonline.it\/?p=264603"},"modified":"2025-09-22T13:17:54","modified_gmt":"2025-09-22T11:17:54","slug":"nir-kabaretti-dirige-i-complessi-stabili-cagliaritani-il-26-27-settembre-per-rotte-sonore-nuova-rassegna-musicale-al-teatro-carmen-melis","status":"publish","type":"post","link":"https:\/\/www.cronacaonline.it\/index.php\/2025\/09\/22\/nir-kabaretti-dirige-i-complessi-stabili-cagliaritani-il-26-27-settembre-per-rotte-sonore-nuova-rassegna-musicale-al-teatro-carmen-melis\/","title":{"rendered":"Nir Kabaretti dirige i complessi stabili cagliaritani, il 26-27 settembre, per Rotte sonore, nuova rassegna musicale al Teatro Carmen Melis."},"content":{"rendered":"\n<p>Cagliari, 22 Sett 2025 - Venerd\u00ec 26 settembre prossimo, alle 20 e sabato 27 settembre alle 19 al Teatro Carmen Melis, prosegue Rotte sonore, nuova rassegna musicale del Teatro Lirico di Cagliari, che prevede, per il secondo appuntamento, un accattivante concerto dal titolo Voices of America, con Nir Kabaretti (Holon, Israele, 1968), \u00abdirettore dall\u2019immensa musicalit\u00e0 e calda personalit\u00e0\u00bb (Zubin Mehta), che si esibisce, per la prima volta a Cagliari, alla guida di Orchestra e Coro del Teatro Lirico. Il maestro del coro \u00e8 Giovanni Andreoli.<\/p>\n\n\n\n<p>Il programma musicale, di ispirazione jazz e che strizza l\u2019occhio al musical e alle sonorit\u00e0 americane, prevede: An American in Paris di George Gershwin; The Promise of Living from The Tender Land di Aaron Copland; Agnus Dei (versione per coro dell\u2019Adagio per archi) di Samuel Barber; West Side Story: Symphonic Dances di Leonard Bernstein.<\/p>\n\n\n\n<p>Rotte sonore \u00e8 un ideale viaggio tra sonorit\u00e0 diverse ed atmosfere di paesi lontani nel tempo e nello spazio che guardano al jazz e al musical americano, ma anche all\u2019opera lirica e alla danza europea e che, nei sette programmi musicali proposti, vogliono essere un appetibile preludio alle Stagioni d\u2019opera e di danza 2025-2026.<\/p>\n\n\n\n<p>La rassegna musicale vede impegnati e in primo piano l\u2019Orchestra e il Coro del Teatro Lirico di Cagliari, quest\u2019ultimo diretto da Giovanni Andreoli, da settembre a novembre 2025. Ognuno dei sette programmi musicali proposti \u00e8 eseguito due volte e il complesso corale \u00e8 impegnato in due programmi, in ruoli di assoluta rilevanza.<\/p>\n\n\n\n<p>Si tratta di concerti della durata di un\u2019ora circa che non prevedono intervallo e, soprattutto, che si tengono tutti al Teatro Carmen Melis, sala pi\u00f9 piccola e quindi pi\u00f9 adatta ad un ascolto attento e coinvolgente che soddisfer\u00e0 di certo sia l\u2019abbonato pi\u00f9 esigente che lo spettatore serale o il giovane curioso.<\/p>\n\n\n\n<p>I biglietti serali per tutti gli spettacoli della rassegna Rotte sonore si possono acquistare da marted\u00ec 16 settembre 2025 e lo stesso servizio \u00e8 possibile anche online attraverso il circuito di prevendita www.vivaticket.it.<\/p>\n\n\n\n<p>Prezzi biglietti (posto numerato): \u20ac 25 (intero), \u20ac 15 (ridotto abbonati\/under 30).<\/p>\n\n\n\n<p>Ai giovani under 30 ed ai disabili sono applicate riduzioni del 50% sull\u2019acquisto di biglietti. Ulteriori agevolazioni sono previste per gruppi organizzati.<\/p>\n\n\n\n<p>La Biglietteria del Teatro Lirico \u00e8 aperta luned\u00ec, marted\u00ec, mercoled\u00ec, venerd\u00ec e sabato dalle 9 alle 13, gioved\u00ec dalle 16 alle 20 e, nei giorni di spettacolo, anche da due ore prima dell\u2019inizio, unicamente per operazioni legate allo spettacolo stesso. \u00c8 chiusa, invece, i giorni festivi e i luned\u00ec successivi alle domeniche di spettacolo.<\/p>\n\n\n\n<p>Per informazioni: Biglietteria del Teatro Lirico, via Sant\u2019Alenixedda, 09128 Cagliari, telefono 0704082230 - 0704082249, <a href=\"mailto:biglietteria@teatroliricodicagliari.it;\">biglietteria@teatroliricodicagliari.it<\/a>, <a href=\"http:\/\/www.teatroliricodicagliari.it\/\">www.teatroliricodicagliari.it<\/a>. Servizio promozione culturale <a href=\"mailto:scuola@teatroliricodicagliari.it\">scuola@teatroliricodicagliari.it<\/a>. Il Teatro Lirico di Cagliari si pu\u00f2 seguire anche su Facebook, Twitter, YouTube, Instagram, Linkedin. Com<\/p>\n","protected":false},"excerpt":{"rendered":"<p>Cagliari, 22 Sett 2025 &#8211; Venerd\u00ec 26 settembre prossimo, alle 20 e sabato 27 settembre alle 19 al Teatro Carmen Melis, prosegue Rotte sonore, nuova&#8230;<\/p>\n","protected":false},"author":2,"featured_media":2172,"comment_status":"closed","ping_status":"open","sticky":false,"template":"","format":"standard","meta":[],"categories":[49,54],"tags":[],"_links":{"self":[{"href":"https:\/\/www.cronacaonline.it\/index.php\/wp-json\/wp\/v2\/posts\/264603"}],"collection":[{"href":"https:\/\/www.cronacaonline.it\/index.php\/wp-json\/wp\/v2\/posts"}],"about":[{"href":"https:\/\/www.cronacaonline.it\/index.php\/wp-json\/wp\/v2\/types\/post"}],"author":[{"embeddable":true,"href":"https:\/\/www.cronacaonline.it\/index.php\/wp-json\/wp\/v2\/users\/2"}],"replies":[{"embeddable":true,"href":"https:\/\/www.cronacaonline.it\/index.php\/wp-json\/wp\/v2\/comments?post=264603"}],"version-history":[{"count":1,"href":"https:\/\/www.cronacaonline.it\/index.php\/wp-json\/wp\/v2\/posts\/264603\/revisions"}],"predecessor-version":[{"id":264604,"href":"https:\/\/www.cronacaonline.it\/index.php\/wp-json\/wp\/v2\/posts\/264603\/revisions\/264604"}],"wp:featuredmedia":[{"embeddable":true,"href":"https:\/\/www.cronacaonline.it\/index.php\/wp-json\/wp\/v2\/media\/2172"}],"wp:attachment":[{"href":"https:\/\/www.cronacaonline.it\/index.php\/wp-json\/wp\/v2\/media?parent=264603"}],"wp:term":[{"taxonomy":"category","embeddable":true,"href":"https:\/\/www.cronacaonline.it\/index.php\/wp-json\/wp\/v2\/categories?post=264603"},{"taxonomy":"post_tag","embeddable":true,"href":"https:\/\/www.cronacaonline.it\/index.php\/wp-json\/wp\/v2\/tags?post=264603"}],"curies":[{"name":"wp","href":"https:\/\/api.w.org\/{rel}","templated":true}]}}