{"id":264298,"date":"2025-09-15T11:35:29","date_gmt":"2025-09-15T09:35:29","guid":{"rendered":"https:\/\/www.cronacaonline.it\/?p=264298"},"modified":"2025-09-15T11:35:31","modified_gmt":"2025-09-15T09:35:31","slug":"federico-mondelci-nella-doppia-veste-di-direttore-e-solista-inaugura-il-19-21-settembre-rotte-sonore-nuova-rassegna-musicale-al-teatro-carmen-melis","status":"publish","type":"post","link":"https:\/\/www.cronacaonline.it\/index.php\/2025\/09\/15\/federico-mondelci-nella-doppia-veste-di-direttore-e-solista-inaugura-il-19-21-settembre-rotte-sonore-nuova-rassegna-musicale-al-teatro-carmen-melis\/","title":{"rendered":"Federico Mondelci, nella doppia veste di direttore e solista, inaugura, il 19-21 settembre, Rotte sonore: nuova rassegna musicale al Teatro Carmen Melis."},"content":{"rendered":"\n<p>Cagliari, 15 Sett 2025 - Venerd\u00ec 19 settembre alle 20 e domenica 21 settembre alle 19 al Teatro Carmen Melis si inaugura Rotte sonore, nuova rassegna musicale del Teatro Lirico di Cagliari, che prevede, per le due serate inaugurali, un imperdibile concerto dal titolo Note da Oscar, con Federico Mondelci, direttore e sassofonista marchigiano, da trent\u2019anni uno dei pi\u00f9 apprezzati interpreti del panorama musicale, che si esibisce, per la prima volta a Cagliari sia dal podio che come solista al sassofono, insieme all\u2019Orchestra del Teatro Lirico.<\/p>\n\n\n\n<p>Rotte sonore \u00e8 un ideale viaggio tra sonorit\u00e0 diverse ed atmosfere di paesi lontani nel tempo e nello spazio che guardano al jazz e al musical americano, ma anche all\u2019opera lirica e alla danza europea e che, nei sette programmi musicali proposti, vogliono essere un appetibile preludio alle Stagioni d\u2019opera e di danza 2025-2026.<\/p>\n\n\n\n<p>La rassegna musicale vede impegnati e in primo piano l\u2019Orchestra e il Coro del Teatro Lirico di Cagliari, quest\u2019ultimo diretto da Giovanni Andreoli, da settembre a novembre 2025. Ognuno dei sette programmi musicali proposti \u00e8 eseguito due volte e il complesso corale \u00e8 impegnato in due programmi, in ruoli di assoluta rilevanza.<\/p>\n\n\n\n<p>Si tratta di concerti della durata di un\u2019ora circa che non prevedono intervallo e, soprattutto, che si tengono tutti al Teatro Carmen Melis, sala pi\u00f9 piccola e quindi pi\u00f9 adatta ad un ascolto attento e coinvolgente che soddisfer\u00e0 di certo sia l\u2019abbonato pi\u00f9 esigente che lo spettatore serale o il giovane curioso.<\/p>\n\n\n\n<p>Il programma musicale del concerto inaugurale prevede un\u2019ampia rassegna di pagine scelte dalle immortali colonne sonore composte da Ennio Morricone, Nicola Piovani e Nino Rota e tratte dai pi\u00f9 celebri e popolari film della storia del cinema.<\/p>\n\n\n\n<p>Lo spettacolo ha una durata complessiva di un\u2019ora circa e non prevede l\u2019intervallo.<\/p>\n\n\n\n<p>I biglietti serali per tutti gli spettacoli della rassegna Rotte sonore si possono acquistare da marted\u00ec 16 settembre 2025 e lo stesso servizio \u00e8 possibile anche online attraverso il circuito di prevendita www.vivaticket.it.<\/p>\n\n\n\n<p>Prezzi biglietti (posto numerato): \u20ac 25 (intero), \u20ac 15 (ridotto abbonati\/under 30).<\/p>\n\n\n\n<p>Ai giovani under 30 ed ai disabili sono applicate riduzioni del 50% sull\u2019acquisto di biglietti. Ulteriori agevolazioni sono previste per gruppi organizzati.<\/p>\n\n\n\n<p>La Biglietteria del Teatro Lirico \u00e8 aperta luned\u00ec, marted\u00ec, mercoled\u00ec, venerd\u00ec e sabato dalle 9 alle 13, gioved\u00ec dalle 16 alle 20 e, nei giorni di spettacolo, anche da due ore prima dell\u2019inizio, unicamente per operazioni legate allo spettacolo stesso. \u00c8 chiusa, invece, i giorni festivi e i luned\u00ec successivi alle domeniche di spettacolo.<\/p>\n\n\n\n<p>Per informazioni: Biglietteria del Teatro Lirico, via Sant\u2019Alenixedda, 09128 Cagliari, telefono 0704082230 - 0704082249, <a href=\"mailto:biglietteria@teatroliricodicagliari.it;\">biglietteria@teatroliricodicagliari.it<\/a>, <a href=\"http:\/\/www.teatroliricodicagliari.it\/\">www.teatroliricodicagliari.it<\/a>. Servizio promozione culturale <a href=\"mailto:scuola@teatroliricodicagliari.it\">scuola@teatroliricodicagliari.it<\/a>. Il Teatro Lirico di Cagliari si pu\u00f2 seguire anche su Facebook, Twitter, YouTube, Instagram, Linkedin.<\/p>\n\n\n\n<p>La Direzione si riserva di apportare al programma le modifiche che si rendessero necessarie per esigenze tecniche o per cause di forza maggiore. Eventuali modifiche al cartellone saranno indicate nel sito internet del teatro <a href=\"http:\/\/www.teatroliricodicagliari.it\">www.teatroliricodicagliari.it<\/a>. Com<\/p>\n","protected":false},"excerpt":{"rendered":"<p>Cagliari, 15 Sett 2025 &#8211; Venerd\u00ec 19 settembre alle 20 e domenica 21 settembre alle 19 al Teatro Carmen Melis si inaugura Rotte sonore, nuova&#8230;<\/p>\n","protected":false},"author":2,"featured_media":2172,"comment_status":"closed","ping_status":"open","sticky":false,"template":"","format":"standard","meta":[],"categories":[49,54],"tags":[],"_links":{"self":[{"href":"https:\/\/www.cronacaonline.it\/index.php\/wp-json\/wp\/v2\/posts\/264298"}],"collection":[{"href":"https:\/\/www.cronacaonline.it\/index.php\/wp-json\/wp\/v2\/posts"}],"about":[{"href":"https:\/\/www.cronacaonline.it\/index.php\/wp-json\/wp\/v2\/types\/post"}],"author":[{"embeddable":true,"href":"https:\/\/www.cronacaonline.it\/index.php\/wp-json\/wp\/v2\/users\/2"}],"replies":[{"embeddable":true,"href":"https:\/\/www.cronacaonline.it\/index.php\/wp-json\/wp\/v2\/comments?post=264298"}],"version-history":[{"count":1,"href":"https:\/\/www.cronacaonline.it\/index.php\/wp-json\/wp\/v2\/posts\/264298\/revisions"}],"predecessor-version":[{"id":264299,"href":"https:\/\/www.cronacaonline.it\/index.php\/wp-json\/wp\/v2\/posts\/264298\/revisions\/264299"}],"wp:featuredmedia":[{"embeddable":true,"href":"https:\/\/www.cronacaonline.it\/index.php\/wp-json\/wp\/v2\/media\/2172"}],"wp:attachment":[{"href":"https:\/\/www.cronacaonline.it\/index.php\/wp-json\/wp\/v2\/media?parent=264298"}],"wp:term":[{"taxonomy":"category","embeddable":true,"href":"https:\/\/www.cronacaonline.it\/index.php\/wp-json\/wp\/v2\/categories?post=264298"},{"taxonomy":"post_tag","embeddable":true,"href":"https:\/\/www.cronacaonline.it\/index.php\/wp-json\/wp\/v2\/tags?post=264298"}],"curies":[{"name":"wp","href":"https:\/\/api.w.org\/{rel}","templated":true}]}}