{"id":264155,"date":"2025-09-11T08:27:43","date_gmt":"2025-09-11T06:27:43","guid":{"rendered":"https:\/\/www.cronacaonline.it\/?p=264155"},"modified":"2025-09-11T08:27:46","modified_gmt":"2025-09-11T06:27:46","slug":"cambio-al-vertice-della-legione-carabinieri-sardegna-igor-tullio-nsc-grazie-al-generale-stefano-iasson-guida-umana-e-vicina-al-personale-e-buon-lavoro-al-generale-francesco-rizzo","status":"publish","type":"post","link":"https:\/\/www.cronacaonline.it\/index.php\/2025\/09\/11\/cambio-al-vertice-della-legione-carabinieri-sardegna-igor-tullio-nsc-grazie-al-generale-stefano-iasson-guida-umana-e-vicina-al-personale-e-buon-lavoro-al-generale-francesco-rizzo\/","title":{"rendered":"Cambio al vertice della Legione Carabinieri Sardegna, Igor Tullio (NSC): \u201cGrazie al Generale Stefano Iasson, guida umana e vicina al personale, e buon lavoro al Generale Francesco Rizzo\u201d."},"content":{"rendered":"\n<p>Cagliari, 11 Sett 2025 - \u201cIn occasione del trasferimento del Generale di Divisione\u00a0Stefano Iasson\u00a0desidero esprimere, a nome del Nuovo Sindacato Carabinieri, profonda gratitudine per l\u2019impegno e la sensibilit\u00e0 dimostrati durante il suo mandato alla guida della\u00a0Legione Carabinieri Sardegna\u201d: a dichiararlo \u00e8 il segretario nazionale della sigla\u00a0Igor Tullio.\u00a0<\/p>\n\n\n\n<p>\u201cIl Generale&nbsp;\u2013&nbsp;afferma \u2013 ha saputo interpretare il comando con competenza e, soprattutto, con una straordinaria umanit\u00e0: ho avuto modo di confrontarmi con lui in pi\u00f9 occasioni, e posso testimoniare la sua costante attenzione nei confronti dei colleghi, anche in situazioni personali complesse o di disagio familiare\u201d.<\/p>\n\n\n\n<p>\u201cHa sempre garantito ascolto, disponibilit\u00e0 e concreta vicinanza&nbsp;<a>\u2013<\/a>&nbsp;prosegue il segretario nazionale \u2013 valorizzando il lavoro quotidiano di ogni carabiniere, anche nelle realt\u00e0 pi\u00f9 isolate e difficili della Sardegna: ricordo, in particolare, la sua presenza accanto ai militari nei momenti pi\u00f9 delicati, come le visite alle Stazioni oggetto di intimidazioni o in occasione delle festivit\u00e0, quando ha voluto far sentire il sostegno del Comando a tutti\u201d.<\/p>\n\n\n\n<p>\u201c\u00c8 questo, per noi \u2013 osserva Igor Tullio \u2013 un esempio concreto di leadership inclusiva e umana: al Generale Stefano Iasson vanno il mio pi\u00f9 sentito ringraziamento e l\u2019augurio di buon lavoro per il nuovo incarico a Roma, in qualit\u00e0 di Comandante della Divisione Carabinieri Unit\u00e0 Mobili\u201d.<\/p>\n\n\n\n<p>\u201cSiamo certi \u2013 aggiunge \u2013 che continuer\u00e0 a portare avanti con lo stesso spirito i valori fondanti dell\u2019Arma: servizio, rispetto e attenzione per le donne e gli uomini in uniforme\".&nbsp;<\/p>\n\n\n\n<p>La cerimonia di avvicendamento nella Capitale si \u00e8 tenuta nella giornata di mercoled\u00ec 10 settembre.<\/p>\n\n\n\n<p>\u201cColgo infine l\u2019occasione \u2013 conclude \u2013 per rivolgere un augurio di buon lavoro anche al Generale di Brigata&nbsp;Francesco Rizzo, nuovo Comandante della Legione Carabinieri Sardegna, con la speranza di poter proseguire un dialogo costruttivo e collaborativo nell\u2019interesse del personale\u201d.&nbsp;Com<\/p>\n","protected":false},"excerpt":{"rendered":"<p>Cagliari, 11 Sett 2025 &#8211; \u201cIn occasione del trasferimento del Generale di Divisione\u00a0Stefano Iasson\u00a0desidero esprimere, a nome del Nuovo Sindacato Carabinieri, profonda gratitudine per l\u2019impegno&#8230;<\/p>\n","protected":false},"author":2,"featured_media":264156,"comment_status":"closed","ping_status":"open","sticky":false,"template":"","format":"standard","meta":[],"categories":[49,53],"tags":[],"_links":{"self":[{"href":"https:\/\/www.cronacaonline.it\/index.php\/wp-json\/wp\/v2\/posts\/264155"}],"collection":[{"href":"https:\/\/www.cronacaonline.it\/index.php\/wp-json\/wp\/v2\/posts"}],"about":[{"href":"https:\/\/www.cronacaonline.it\/index.php\/wp-json\/wp\/v2\/types\/post"}],"author":[{"embeddable":true,"href":"https:\/\/www.cronacaonline.it\/index.php\/wp-json\/wp\/v2\/users\/2"}],"replies":[{"embeddable":true,"href":"https:\/\/www.cronacaonline.it\/index.php\/wp-json\/wp\/v2\/comments?post=264155"}],"version-history":[{"count":1,"href":"https:\/\/www.cronacaonline.it\/index.php\/wp-json\/wp\/v2\/posts\/264155\/revisions"}],"predecessor-version":[{"id":264157,"href":"https:\/\/www.cronacaonline.it\/index.php\/wp-json\/wp\/v2\/posts\/264155\/revisions\/264157"}],"wp:featuredmedia":[{"embeddable":true,"href":"https:\/\/www.cronacaonline.it\/index.php\/wp-json\/wp\/v2\/media\/264156"}],"wp:attachment":[{"href":"https:\/\/www.cronacaonline.it\/index.php\/wp-json\/wp\/v2\/media?parent=264155"}],"wp:term":[{"taxonomy":"category","embeddable":true,"href":"https:\/\/www.cronacaonline.it\/index.php\/wp-json\/wp\/v2\/categories?post=264155"},{"taxonomy":"post_tag","embeddable":true,"href":"https:\/\/www.cronacaonline.it\/index.php\/wp-json\/wp\/v2\/tags?post=264155"}],"curies":[{"name":"wp","href":"https:\/\/api.w.org\/{rel}","templated":true}]}}