{"id":263911,"date":"2025-09-03T18:37:39","date_gmt":"2025-09-03T16:37:39","guid":{"rendered":"https:\/\/www.cronacaonline.it\/?p=263911"},"modified":"2025-09-03T18:37:41","modified_gmt":"2025-09-03T16:37:41","slug":"neurochirurgia-massima-attenzione-da-parte-di-aou-garantite-le-emergenze-e-lattivita-routinaria-mentre-si-lavora-per-la-revisione-e-la-riorganizzazione-della-rete-neurochirurgica","status":"publish","type":"post","link":"https:\/\/www.cronacaonline.it\/index.php\/2025\/09\/03\/neurochirurgia-massima-attenzione-da-parte-di-aou-garantite-le-emergenze-e-lattivita-routinaria-mentre-si-lavora-per-la-revisione-e-la-riorganizzazione-della-rete-neurochirurgica\/","title":{"rendered":"Neurochirurgia, massima attenzione da parte di Aou: garantite le emergenze e l&#8217;attivit\u00e0 routinaria mentre si lavora per la revisione e la riorganizzazione della rete neurochirurgica."},"content":{"rendered":"\n<p>Sassari 3 Sett 2025 \u2013 L\u2019Azienda ospedaliero universitaria di Sassari interviene per chiarire e ridimensionare quanto riportato oggi da alcuni organi di stampa nulla\u00a0Neurochirurgia dell'ospedale Santissima Annunziata.<br>In questa fase l'attivit\u00e0 legata ai casi urgenti potenzialmente evolutivi \u00e8\u00a0reindirizzata ad altra struttura regionale, ma l\u2019assistenza alle\u00a0emergenze\u00a0che arrivano in pronto soccorso\u00a0resta garantita. In questo modo nessun cittadino viene lasciato senza risposta. Resta normale l'attivit\u00e0 routinaria.<\/p>\n\n\n\n<p>\u00abSappiamo che la situazione non \u00e8 semplice \u2013 spiega il commissario straordinario dell'Aou di Sassari,&nbsp;Mario Carmine Palermo&nbsp;\u2013 e siamo in costante contatto con l'Assessorato regionale della Sanit\u00e0 per trovare una soluzione stabile. La criticit\u00e0 \u00e8 legata alla mancanza di personale, che si \u00e8 acuita di recente con il pensionamento di un dirigente medico e dall'improvvisa assenza per malattia di un altro professionista\u00bb.<\/p>\n\n\n\n<p>Per garantire la continuit\u00e0 delle cure, l\u2019Aou di Sassari - in collaborazione con l'Assessorato regionale - ha gi\u00e0 attivato un supporto tramite la&nbsp;rete neurochirurgica regionale&nbsp;e con i colleghi di Cagliari. In questo modo i pazienti che hanno bisogno di un intervento urgente vengono comunque&nbsp;presi sempre in carico.<\/p>\n\n\n\n<p>L\u2019Azienda \u00e8 impegnata a tutelare la salute dei cittadini e fa sapere che, insieme alla Regione, \u00e8 in corso un&nbsp;lavoro di revisione e riorganizzazione&nbsp;della rete neurochirurgica del centro nord Sardegna.Com<\/p>\n","protected":false},"excerpt":{"rendered":"<p>Sassari 3 Sett 2025 \u2013 L\u2019Azienda ospedaliero universitaria di Sassari interviene per chiarire e ridimensionare quanto riportato oggi da alcuni organi di stampa nulla\u00a0Neurochirurgia dell&#8217;ospedale&#8230;<\/p>\n","protected":false},"author":2,"featured_media":263912,"comment_status":"closed","ping_status":"open","sticky":false,"template":"","format":"standard","meta":[],"categories":[49,53],"tags":[],"_links":{"self":[{"href":"https:\/\/www.cronacaonline.it\/index.php\/wp-json\/wp\/v2\/posts\/263911"}],"collection":[{"href":"https:\/\/www.cronacaonline.it\/index.php\/wp-json\/wp\/v2\/posts"}],"about":[{"href":"https:\/\/www.cronacaonline.it\/index.php\/wp-json\/wp\/v2\/types\/post"}],"author":[{"embeddable":true,"href":"https:\/\/www.cronacaonline.it\/index.php\/wp-json\/wp\/v2\/users\/2"}],"replies":[{"embeddable":true,"href":"https:\/\/www.cronacaonline.it\/index.php\/wp-json\/wp\/v2\/comments?post=263911"}],"version-history":[{"count":1,"href":"https:\/\/www.cronacaonline.it\/index.php\/wp-json\/wp\/v2\/posts\/263911\/revisions"}],"predecessor-version":[{"id":263913,"href":"https:\/\/www.cronacaonline.it\/index.php\/wp-json\/wp\/v2\/posts\/263911\/revisions\/263913"}],"wp:featuredmedia":[{"embeddable":true,"href":"https:\/\/www.cronacaonline.it\/index.php\/wp-json\/wp\/v2\/media\/263912"}],"wp:attachment":[{"href":"https:\/\/www.cronacaonline.it\/index.php\/wp-json\/wp\/v2\/media?parent=263911"}],"wp:term":[{"taxonomy":"category","embeddable":true,"href":"https:\/\/www.cronacaonline.it\/index.php\/wp-json\/wp\/v2\/categories?post=263911"},{"taxonomy":"post_tag","embeddable":true,"href":"https:\/\/www.cronacaonline.it\/index.php\/wp-json\/wp\/v2\/tags?post=263911"}],"curies":[{"name":"wp","href":"https:\/\/api.w.org\/{rel}","templated":true}]}}