{"id":263866,"date":"2025-09-02T15:38:24","date_gmt":"2025-09-02T13:38:24","guid":{"rendered":"https:\/\/www.cronacaonline.it\/?p=263866"},"modified":"2025-09-02T15:38:26","modified_gmt":"2025-09-02T13:38:26","slug":"porto-cervo-racing-svela-le-linee-del-13-rally-terra-sarda-logliastra-chiamata-alla-ribalta-sul-palcoscenico-motoristico-internazionale","status":"publish","type":"post","link":"https:\/\/www.cronacaonline.it\/index.php\/2025\/09\/02\/porto-cervo-racing-svela-le-linee-del-13-rally-terra-sarda-logliastra-chiamata-alla-ribalta-sul-palcoscenico-motoristico-internazionale\/","title":{"rendered":"Porto Cervo Racing svela le linee del 13\u00b0 Rally Terra Sarda: l\u2019Ogliastra chiamata alla ribalta sul palcoscenico motoristico internazionale."},"content":{"rendered":"\n<p>Tortol\u00ec (NU) - Saranno affidate a sette prove speciali, le ambizioni dei protagonisti del Rally Terra Sarda, appuntamento organizzato da Porto Cervo Racing ed in programma sabato 18 e domenica 19 ottobre sulle strade della provincia dell\u2019Ogliastra. La gara, valida per il TER Series, per il TER \u2013 Tour European Rally, per il TER \u2013 Historic e come ultimo atto della Coppa Rally di Zona 10, far\u00e0 leva su contenuti nuovi ma \u2013 allo stesso tempo \u2013 in linea con la tradizione espressa in passato dalla manifestazione. Un ritorno al passato per il Rally Terra Sarda, con il coinvolgimento di un territorio chiamato ad elevarsi nel palcoscenico motoristico internazionale dopo essere stato interessato dall\u2019evento nei primi anni di programmazione.\u00a0\u00a0<\/p>\n\n\n\n<p>Il programma<\/p>\n\n\n\n<p>Sette, le prove speciali in programma&nbsp;<\/p>\n\n\n\n<p>Gioved\u00ec 18 settembre sar\u00e0 la prima giornata utile per poter formalizzare l\u2019adesione alla gara, con l\u2019apertura delle iscrizioni. La fase rester\u00e0 aperta fino a venerd\u00ec 10 ottobre per quanto riguarda il confronto moderno e fino al termine ultimo di luned\u00ec 13 ottobre per quello riservato alle vetture storiche. I riflettori del motorsport internazionale punteranno su Tortol\u00ec da gioved\u00ec 16 ottobre, con l\u2019apertura del Villaggio Mirt\u00f3 Sardegna. Via Monsignor Virgilio ospiter\u00e0 la struttura accogliendo equipaggi partecipanti ed appassionati nel corso delle attivit\u00e0 proposte, iniziative che faranno ancora leva su tradizione culturale, enogastronomica e sulla solidariet\u00e0. Confermati i punti cardine che hanno reso celebre il Rally Terra Sarda nelle sue dodici precedenti edizioni, come lo spettacolare Cooking Show,quest'anno arricchito dalle attivit\u00e0 offerte dagli artigiani sardi che \u2013 nella giornata di venerd\u00ec \u2013 chiamer\u00e0 a raccolta i portacolori delle nazioni coinvolte dal TER Series, pronte a sfidarsi in cucina attraverso i propri rappresentanti. Tortol\u00ec ed il Villaggio Rally Mirt\u00f3 Sardegna faranno da cornice anche alla presentazione degli equipaggi partecipanti al 13\u00b0 Rally Terra Sarda ed al 5\u00b0 Rally Terra Sarda Storico, prevista alle ore 18 in Viale Monsignor Virgilio, location che accoglier\u00e0 anche i paddock del parco assistenza. L\u2019indomani, sabato 18 ottobre, gli equipaggi saranno coinvolti dalle ultime ore disponibili di verifica sportiva e tecnica e dall\u2019effettuazione dello shakedown, il test con vetture da gara, in programma dalle ore 8:00 alle ore 11:30 sul tratto \u201cBari Sardo \u2013 Teccu\u201d.&nbsp;<\/p>\n\n\n\n<p>La bandiera tricolore \u2013 emblema della partenza della gara \u2013 sventoler\u00e0 sulla prima vettura alle ore 14:00, in Via Monsignor Virgilio. Da l\u00ec i protagonisti si dirigeranno verso la prima prova speciale, \u201cI Centenari \u2013 Ottica Filar\u201d di 11,13 km, in programma dalle ore 14:39. Dopo aver salutato Baunei, teatro di un controllo a timbro, le vetture saranno chiamate al secondo impegno con il cronometro, sui 5,13 km della \u201cSelvaggio Blu \u2013 Grimaldi Lines\u201d, prevista per le ore 15:35. Girasole e la sua Via Venezia accoglieranno le vetture per il primo riordinamento della manifestazione, che si protrarr\u00e0 per venti minuti a partire dalle ore 15:54. Alle ore 16:25 la prima vettura dell\u2019elenco partenti far\u00e0 ritorno a Tortol\u00ec, per il primo parco assistenza. Le squadre avranno a disposizione trenta minuti per poter esprimere le strategie di gara dal punto di vista tecnico, assecondando le richieste degli equipaggi in vista della prova che mander\u00e0 in archivio il primo giorno di gara, la \u201cI Centenari \u2013 Ottica Filar\u201d delle ore 17:37. Prima di calcare la pedana di arrivo della prima tappa (a Tortol\u00ec, dalle ore 18:45), le vetture faranno tappa ad Urzulei, in Piazza Fontana (ore 18:11), procedendo successivamente verso Viale Monsignor Virgilio, a Tortol\u00ec, con Piazza Rinascita pronta ad ospitare le vetture moderne e storiche nella fase di riordinamento notturno.&nbsp;<\/p>\n\n\n\n<p>Domenica 19 ottobre, alle ore 9:03, gli interpreti del doppio confronto avranno a disposizione trenta minuti di parco assistenza, fase che anticiper\u00e0 gli ultimi tratti cronometrati in programma, \u201cUliveti d\u2019Ogliastra \u2013 Gimar\u201d di 12,92 km e \u201cI Ciliegi \u2013 Ulestri\u201d di 9,82 km, entrambi da ripetere per due volte. Tra i quattro passaggi \u2013 dopo la \u201cI Ciliegi \u2013 Ulestri\u201d delle ore 10:42 \u2013 \u00e8 prevista una fase di riordinamento a Tortol\u00ec della durata di venti minuti ed un\u2019ultima sessione di parco assistenza, alle 11:58. La gara andr\u00e0 quindi in archivio con l\u2019effettuazione della \u201cUliveti d\u2019Ogliastra \u2013 Gimar\u201d alle ore 12:53 e della \u201cI Ciliegi \u2013 Ulestri\u201d, con lo start previsto alle ore 13:37. Il controllo a timbro in programma a Barisardo anticiper\u00e0 la cerimonia d\u2019arrivo, in Viale Monsignor Virgilio a Tortol\u00ec, alle ore 14:30.&nbsp;<\/p>\n\n\n\n<p>Come nelle dodici precedenti edizioni, Porto Cervo Racing ha riservato ai partecipanti un pacchetto di agevolazioni pensato per poter assecondare il maggior numero di squadre possibili \u2013 su trasporto mezzi ed alloggio - disponibile all\u2019interno del sito internet ufficiale all\u2019indirizzo&nbsp;<a href=\"https:\/\/cibr4.r.a.d.sendibm1.com\/mk\/cl\/f\/sh\/SMK1E8tHeFuBo1OxtvklpQAgHqlj\/Hfd6UFoTCyKf\" target=\"_blank\" rel=\"noreferrer noopener\">https:\/\/www.portocervoracing.it\/web\/rallyterrasarda\/agevolazioni-equipaggi-2025\/<\/a><\/p>\n","protected":false},"excerpt":{"rendered":"<p>Tortol\u00ec (NU) &#8211; Saranno affidate a sette prove speciali, le ambizioni dei protagonisti del Rally Terra Sarda, appuntamento organizzato da Porto Cervo Racing ed in&#8230;<\/p>\n","protected":false},"author":2,"featured_media":263867,"comment_status":"closed","ping_status":"open","sticky":false,"template":"","format":"standard","meta":[],"categories":[49,56],"tags":[],"_links":{"self":[{"href":"https:\/\/www.cronacaonline.it\/index.php\/wp-json\/wp\/v2\/posts\/263866"}],"collection":[{"href":"https:\/\/www.cronacaonline.it\/index.php\/wp-json\/wp\/v2\/posts"}],"about":[{"href":"https:\/\/www.cronacaonline.it\/index.php\/wp-json\/wp\/v2\/types\/post"}],"author":[{"embeddable":true,"href":"https:\/\/www.cronacaonline.it\/index.php\/wp-json\/wp\/v2\/users\/2"}],"replies":[{"embeddable":true,"href":"https:\/\/www.cronacaonline.it\/index.php\/wp-json\/wp\/v2\/comments?post=263866"}],"version-history":[{"count":1,"href":"https:\/\/www.cronacaonline.it\/index.php\/wp-json\/wp\/v2\/posts\/263866\/revisions"}],"predecessor-version":[{"id":263868,"href":"https:\/\/www.cronacaonline.it\/index.php\/wp-json\/wp\/v2\/posts\/263866\/revisions\/263868"}],"wp:featuredmedia":[{"embeddable":true,"href":"https:\/\/www.cronacaonline.it\/index.php\/wp-json\/wp\/v2\/media\/263867"}],"wp:attachment":[{"href":"https:\/\/www.cronacaonline.it\/index.php\/wp-json\/wp\/v2\/media?parent=263866"}],"wp:term":[{"taxonomy":"category","embeddable":true,"href":"https:\/\/www.cronacaonline.it\/index.php\/wp-json\/wp\/v2\/categories?post=263866"},{"taxonomy":"post_tag","embeddable":true,"href":"https:\/\/www.cronacaonline.it\/index.php\/wp-json\/wp\/v2\/tags?post=263866"}],"curies":[{"name":"wp","href":"https:\/\/api.w.org\/{rel}","templated":true}]}}