{"id":263724,"date":"2025-08-29T08:26:24","date_gmt":"2025-08-29T06:26:24","guid":{"rendered":"https:\/\/www.cronacaonline.it\/?p=263724"},"modified":"2025-08-29T08:26:25","modified_gmt":"2025-08-29T06:26:25","slug":"maltempo-in-italia-il-nord-sottacqua-temporali-in-toscana-oggi-allerta-arancione-vento-fino-a-111-km-h-alla-spezia","status":"publish","type":"post","link":"https:\/\/www.cronacaonline.it\/index.php\/2025\/08\/29\/maltempo-in-italia-il-nord-sottacqua-temporali-in-toscana-oggi-allerta-arancione-vento-fino-a-111-km-h-alla-spezia\/","title":{"rendered":"Maltempo in Italia &#8211; Il Nord sott&#8217;acqua, temporali in Toscana. Oggi allerta arancione. Vento fino a 111 km\/h alla Spezia."},"content":{"rendered":"\n<p>Cagliari, 29 Ago 2025 \u2013 Le previsioni del tempo per oggi, venerd\u00ec 29 agosto, sull'Italia secondo il servizio meteo dell'Aeronautica militare. Nord: cielo molto nuvoloso con piogge diffuse e temporali anche intensi, in particolare sulle zone alpine, prealpine e Friuli-Venezia Giulia.<br>Centro e Sardegna: nuvolosit\u00e0 irregolare a tratti intensa con associate precipitazioni diffuse e localmente abbondanti sulla Toscana, di minore consistenza su Marche, Lazio e Abruzzo, lieve miglioramento nella serata su tutti i settori. Cielo parzialmente nuvoloso sulla Sardegna con locali residui piovaschi specie sul settore orientale.<\/p>\n\n\n\n<p>Un violento temporale ha colpito Roma nella notte. Poco dopo le 3, un nubifragio si \u00e8 abbattuto sulla Capitale provocando allagamenti soprattutto nel quadrante nordoccidentale e nel centro citt\u00e0, dove la pioggia intensa e le forti raffiche di vento hanno causato la caduta di alcuni rami sulle strade. La perturbazione, che gi\u00e0 ha duramente colpito le regioni settentrionali con piogge e temporali di forte intensit\u00e0, nelle prossime ore continuer\u00e0 a insistere sul Nord\/Est per poi spostarsi verso il Centro\/Sud. I fenomeni temporaleschi saranno pi\u00f9 frequenti nelle aree interne e lungo le regioni tirreniche, fino a raggiungere la Sicilia occidentale, segnando la fine dell\u2019ondata di caldo anomalo lungo la Penisola.<\/p>\n\n\n\n<p>Secondo la protezione civile \u00e8 stata valutata per la giornata di oggi, venerd\u00ec 29 agosto, allerta arancione sulla Lombardia, gran parte della Toscana e su alcuni settori di Lazio e Molise, allerta gialla sui restanti settori di Lazio e Molise, su parte di Piemonte, Liguria e Marche, sugli interi territori di Friuli-Venezia Giulia, Trentino-Alto Adige, Veneto, Emilia-Romagna, Umbria e Campania.<\/p>\n\n\n\n<p>Venti impetuosi e pioggia battente hanno spazzato la scorsa notte la provincia della Spezia dalla costa al primo entroterra, spingendosi fino alla Lunigiana. Tra le 21 e le 21.30 in particolare raffiche ben oltre i cento chilometri orari hanno investito il capoluogo, il golfo e la riviera abbattendo alberi e motorini, interrompendo la viabilit\u00e0, causando allagamenti ed estesi black out elettrici e obbligando a decine di interventi i Vigili del Fuoco, la Protezione Civile, i tecnici comunali e i volontari per garantire gli spostamenti e mettere in sicurezza la popolazione.<br>Gli anemometri del servizio regionale hanno segnalato raffiche fino a 111.6 km\/h alla Spezia citt\u00e0 e 111.2 km\/h alle Cinque Terre, 102.2 km\/h a Porto Venere e 100.4 km\/h a Lerici. Ai Casoni di Suvero, nell'entroterra, un picco massimo di 144.7 km\/h.<br>In citt\u00e0 necessario liberare le strade da rami spezzati, sia alle spalle del porto, dove un container vuoto \u00e8 stato spinto in mare, che sulle alture. Interrotta per alcuni minuti l'Aurelia alla Foce per il crollo di un grosso pino. A Ricc\u00f2 del Golfo danneggiato il parco giochi comunale dal crollo di alcuni alberi. Interventi per garantire la viabilit\u00e0 a servizio delle frazioni di Ponz\u00f2, Polverara e della Val Graveglia. Nottata di lavoro anche ad Ameglia, dove i tecnici sono intervenuti per liberare dalle piante il Ponte della Colombiera sul Magra e la vicina Via Alta che corre parallela al fiume. Segnalati allagamenti a Porto Venere e Riomaggiore. Diverse abitazioni private danneggiate.<\/p>\n\n\n\n<p>Un fulmine ha colpito in pieno e incendiato il tetto di una palazzina di via Pola a Riva del Garda, in Trentino. La scarica della saetta ha danneggiato anche le condotte del gas provocandone la fuga. Nove le famiglie evacuate, di cui solo alcune hanno potuto rientrare in casa a notte fonda. \u00c8 successo durante la forte perturbazione che ha investito l'alto Garda. I vigili del fuoco di Arco e Riva del Garda hanno lavorato in modo incessante per domare l'incendio e intercettare la fuga di gas, neutralizzandola. L'area \u00e8 stata messa in sicurezza con l'ausilio della polizia locale. In giornata saranno effettuati gli accertamenti tecnici per valutare danni e agibilit\u00e0 degli appartamenti che sono stati pi\u00f9 interessati dalle fiamme.<\/p>\n","protected":false},"excerpt":{"rendered":"<p>Cagliari, 29 Ago 2025 \u2013 Le previsioni del tempo per oggi, venerd\u00ec 29 agosto, sull&#8217;Italia secondo il servizio meteo dell&#8217;Aeronautica militare. Nord: cielo molto nuvoloso&#8230;<\/p>\n","protected":false},"author":2,"featured_media":263725,"comment_status":"closed","ping_status":"open","sticky":false,"template":"","format":"standard","meta":[],"categories":[49,50],"tags":[],"_links":{"self":[{"href":"https:\/\/www.cronacaonline.it\/index.php\/wp-json\/wp\/v2\/posts\/263724"}],"collection":[{"href":"https:\/\/www.cronacaonline.it\/index.php\/wp-json\/wp\/v2\/posts"}],"about":[{"href":"https:\/\/www.cronacaonline.it\/index.php\/wp-json\/wp\/v2\/types\/post"}],"author":[{"embeddable":true,"href":"https:\/\/www.cronacaonline.it\/index.php\/wp-json\/wp\/v2\/users\/2"}],"replies":[{"embeddable":true,"href":"https:\/\/www.cronacaonline.it\/index.php\/wp-json\/wp\/v2\/comments?post=263724"}],"version-history":[{"count":1,"href":"https:\/\/www.cronacaonline.it\/index.php\/wp-json\/wp\/v2\/posts\/263724\/revisions"}],"predecessor-version":[{"id":263726,"href":"https:\/\/www.cronacaonline.it\/index.php\/wp-json\/wp\/v2\/posts\/263724\/revisions\/263726"}],"wp:featuredmedia":[{"embeddable":true,"href":"https:\/\/www.cronacaonline.it\/index.php\/wp-json\/wp\/v2\/media\/263725"}],"wp:attachment":[{"href":"https:\/\/www.cronacaonline.it\/index.php\/wp-json\/wp\/v2\/media?parent=263724"}],"wp:term":[{"taxonomy":"category","embeddable":true,"href":"https:\/\/www.cronacaonline.it\/index.php\/wp-json\/wp\/v2\/categories?post=263724"},{"taxonomy":"post_tag","embeddable":true,"href":"https:\/\/www.cronacaonline.it\/index.php\/wp-json\/wp\/v2\/tags?post=263724"}],"curies":[{"name":"wp","href":"https:\/\/api.w.org\/{rel}","templated":true}]}}