{"id":263682,"date":"2025-08-27T16:18:47","date_gmt":"2025-08-27T14:18:47","guid":{"rendered":"https:\/\/www.cronacaonline.it\/?p=263682"},"modified":"2025-08-27T16:18:49","modified_gmt":"2025-08-27T14:18:49","slug":"avviati-i-lavori-della-casa-di-comunita-di-decimomannu-un-nuovo-punto-di-riferimento-per-la-sanita-territoriale","status":"publish","type":"post","link":"https:\/\/www.cronacaonline.it\/index.php\/2025\/08\/27\/avviati-i-lavori-della-casa-di-comunita-di-decimomannu-un-nuovo-punto-di-riferimento-per-la-sanita-territoriale\/","title":{"rendered":"Avviati i lavori della Casa di Comunit\u00e0 di Decimomannu: un nuovo punto di riferimento per la sanit\u00e0 territoriale."},"content":{"rendered":"\n<p>Cagliari, 27 Ago 2025 -\u00a0Prendono ufficialmente il via a Decimomannu i lavori di riqualificazione dell\u2019attuale poliambulatorio, che verr\u00e0 trasformato in una Casa della Comunit\u00e0, un presidio moderno e integrato di sanit\u00e0 territoriale finanziato con fondi del Piano Nazionale di Ripresa e Resilienza (PNRR).<\/p>\n\n\n\n<p>L\u2019intervento rientra nel piano regionale per la realizzazione di 50 Case della Comunit\u00e0 entro il 2026. La nuova struttura rappresenter\u00e0 un punto di riferimento essenziale perla salute dei cittadini, offrendo assistenza sanitaria e socio-sanitaria di prossimit\u00e0, in particolare per la gestione della cronicit\u00e0, della fragilit\u00e0 e per l\u2019erogazione delle cure primarie. All\u2019interno della Casa di Comunit\u00e0 opereranno medici di medicina generale, pediatri di libera scelta, infermieri di famiglia e di comunit\u00e0, personale sanitario e amministrativo, in un approccio multidisciplinare e integrato.&nbsp;<\/p>\n\n\n\n<p>Sar\u00e0 inoltre attivo il PuntoUnico di Accesso (Pua), per facilitare l\u2019orientamento dei cittadini all\u2019interno dei servizi.<\/p>\n\n\n\n<p>\"Il progetto ha come obiettivo quello di creare una struttura a misura della comunit\u00e0, capace di offrire cure pi\u00f9 vicine, tempestive ecoordinate -&nbsp;commenta il Commissario Straordinario Aldo Atzori&nbsp;-.&nbsp;Grazie alle risorse del Pnrr, si realizza un modello innovativo e vicino ai bisogni delle persone, volto a rafforzare l\u2019assistenza territoriale e a ridurre il ricorso inappropriato agli ospedali\".<\/p>\n\n\n\n<p>\"La Casa di Comunit\u00e0 sar\u00e0 un presidio fondamentale per migliorare l\u2019accesso ai servizi sanitari e garantire una presa in carico pi\u00f9 efficace e personalizzata\" -&nbsp;aggiunge Pierpaolo Pateri, Direttore del Distretto Socio Sanitario Cagliari Area Ovest.<\/p>\n\n\n\n<p>Il progetto prevede soluzioni distributive e funzionali, limitando al minimo gli interventi di demolizione dei locali esistenti, essenziali per la rifunzionalizzazione della struttura alla luce dei requisiti richiesti dal D.M. n. 77\/2022 per la realizzazione di una Casa di Comunit\u00e0 Hub.&nbsp;L\u2019organizzazione degli spazi della Casa di Comunit\u00e0 di Decimomannu prevede l\u2019individuazione delle Macroaree omogenee, delle aree funzionali, delle tipologie di servizi generali e logistici per accogliere gli utenti in spazi flessibili che permetteranno alla Direzione Medica di modificare il modo in cui utilizzano gli spazi in base all\u2019evoluzione delle esigenze, perci\u00f2 migliorare la qualit\u00e0 e la continuit\u00e0 assistenziale.<\/p>\n\n\n\n<p>Il nuovo impianto distributivo si allinea, infatti, alle geometrie derivanti dai vincoli strutturali dell\u2019edificio esistente, permettendo di ricavare i locali destinati ai servizi e all\u2019assistenza di prossimit\u00e0 nel piano terra e quelli adibiti alla medicina specialistica e cure primarie al primo piano. Com<\/p>\n","protected":false},"excerpt":{"rendered":"<p>Cagliari, 27 Ago 2025 &#8211;\u00a0Prendono ufficialmente il via a Decimomannu i lavori di riqualificazione dell\u2019attuale poliambulatorio, che verr\u00e0 trasformato in una Casa della Comunit\u00e0, un&#8230;<\/p>\n","protected":false},"author":2,"featured_media":263683,"comment_status":"closed","ping_status":"open","sticky":false,"template":"","format":"standard","meta":[],"categories":[49,53],"tags":[],"_links":{"self":[{"href":"https:\/\/www.cronacaonline.it\/index.php\/wp-json\/wp\/v2\/posts\/263682"}],"collection":[{"href":"https:\/\/www.cronacaonline.it\/index.php\/wp-json\/wp\/v2\/posts"}],"about":[{"href":"https:\/\/www.cronacaonline.it\/index.php\/wp-json\/wp\/v2\/types\/post"}],"author":[{"embeddable":true,"href":"https:\/\/www.cronacaonline.it\/index.php\/wp-json\/wp\/v2\/users\/2"}],"replies":[{"embeddable":true,"href":"https:\/\/www.cronacaonline.it\/index.php\/wp-json\/wp\/v2\/comments?post=263682"}],"version-history":[{"count":1,"href":"https:\/\/www.cronacaonline.it\/index.php\/wp-json\/wp\/v2\/posts\/263682\/revisions"}],"predecessor-version":[{"id":263684,"href":"https:\/\/www.cronacaonline.it\/index.php\/wp-json\/wp\/v2\/posts\/263682\/revisions\/263684"}],"wp:featuredmedia":[{"embeddable":true,"href":"https:\/\/www.cronacaonline.it\/index.php\/wp-json\/wp\/v2\/media\/263683"}],"wp:attachment":[{"href":"https:\/\/www.cronacaonline.it\/index.php\/wp-json\/wp\/v2\/media?parent=263682"}],"wp:term":[{"taxonomy":"category","embeddable":true,"href":"https:\/\/www.cronacaonline.it\/index.php\/wp-json\/wp\/v2\/categories?post=263682"},{"taxonomy":"post_tag","embeddable":true,"href":"https:\/\/www.cronacaonline.it\/index.php\/wp-json\/wp\/v2\/tags?post=263682"}],"curies":[{"name":"wp","href":"https:\/\/api.w.org\/{rel}","templated":true}]}}