{"id":263639,"date":"2025-08-26T15:08:49","date_gmt":"2025-08-26T13:08:49","guid":{"rendered":"https:\/\/www.cronacaonline.it\/?p=263639"},"modified":"2025-08-26T15:08:51","modified_gmt":"2025-08-26T13:08:51","slug":"di-nuovo-allarme-caldo-in-sardegna-domani-e-giovedi-previsti-temperatura-intorno-ai-40-gradi","status":"publish","type":"post","link":"https:\/\/www.cronacaonline.it\/index.php\/2025\/08\/26\/di-nuovo-allarme-caldo-in-sardegna-domani-e-giovedi-previsti-temperatura-intorno-ai-40-gradi\/","title":{"rendered":"Di nuovo allarme caldo in Sardegna: domani e gioved\u00ec previsti temperatura intorno ai 40 gradi."},"content":{"rendered":"\n<p>Cagliari, 26 Ago 2025 \u2013 Questa mattina \u00e8 stato diramato dal Centro funzionale decentrato di Protezione civile-Settore Meteo, un avviso di condizioni meteorologiche avverse per alte temperature previste, che sar\u00e0 in vigore dalle 10 di domani, mercoled\u00ec 27, sino alle 20 di gioved\u00ec 28 agosto 2025.<\/p>\n\n\n\n<p>L'avviso specifica che \u201cnella giornata di domani, 27 agosto, sono previste temperature massime diffusamente elevate (superiori ai 37\u00b0C) sul settore occidentale della Sardegna, mentre dopodomani, 28 agosto, la rotazione dei flussi da ovest determiner\u00e0 temperature molto elevate sul settore meridionale e orientale\u201d.<\/p>\n\n\n\n<p>In particolare \u201csono previsti picchi di temperatura massima superiore ai 40\u00b0C domani sul settore occidentale e dopodomani sul settore orientale e sul basso Campidano.<\/p>\n","protected":false},"excerpt":{"rendered":"<p>Cagliari, 26 Ago 2025 \u2013 Questa mattina \u00e8 stato diramato dal Centro funzionale decentrato di Protezione civile-Settore Meteo, un avviso di condizioni meteorologiche avverse per&#8230;<\/p>\n","protected":false},"author":2,"featured_media":261874,"comment_status":"closed","ping_status":"open","sticky":false,"template":"","format":"standard","meta":[],"categories":[49,53],"tags":[],"_links":{"self":[{"href":"https:\/\/www.cronacaonline.it\/index.php\/wp-json\/wp\/v2\/posts\/263639"}],"collection":[{"href":"https:\/\/www.cronacaonline.it\/index.php\/wp-json\/wp\/v2\/posts"}],"about":[{"href":"https:\/\/www.cronacaonline.it\/index.php\/wp-json\/wp\/v2\/types\/post"}],"author":[{"embeddable":true,"href":"https:\/\/www.cronacaonline.it\/index.php\/wp-json\/wp\/v2\/users\/2"}],"replies":[{"embeddable":true,"href":"https:\/\/www.cronacaonline.it\/index.php\/wp-json\/wp\/v2\/comments?post=263639"}],"version-history":[{"count":1,"href":"https:\/\/www.cronacaonline.it\/index.php\/wp-json\/wp\/v2\/posts\/263639\/revisions"}],"predecessor-version":[{"id":263640,"href":"https:\/\/www.cronacaonline.it\/index.php\/wp-json\/wp\/v2\/posts\/263639\/revisions\/263640"}],"wp:featuredmedia":[{"embeddable":true,"href":"https:\/\/www.cronacaonline.it\/index.php\/wp-json\/wp\/v2\/media\/261874"}],"wp:attachment":[{"href":"https:\/\/www.cronacaonline.it\/index.php\/wp-json\/wp\/v2\/media?parent=263639"}],"wp:term":[{"taxonomy":"category","embeddable":true,"href":"https:\/\/www.cronacaonline.it\/index.php\/wp-json\/wp\/v2\/categories?post=263639"},{"taxonomy":"post_tag","embeddable":true,"href":"https:\/\/www.cronacaonline.it\/index.php\/wp-json\/wp\/v2\/tags?post=263639"}],"curies":[{"name":"wp","href":"https:\/\/api.w.org\/{rel}","templated":true}]}}