{"id":263628,"date":"2025-08-26T12:47:55","date_gmt":"2025-08-26T10:47:55","guid":{"rendered":"https:\/\/www.cronacaonline.it\/?p=263628"},"modified":"2025-08-26T12:47:57","modified_gmt":"2025-08-26T10:47:57","slug":"al-via-a-cagliari-la-26esima-edizione-dellinternational-summer-week","status":"publish","type":"post","link":"https:\/\/www.cronacaonline.it\/index.php\/2025\/08\/26\/al-via-a-cagliari-la-26esima-edizione-dellinternational-summer-week\/","title":{"rendered":"Al via a Cagliari la 26esima edizione dell&#8217;International Summer Week."},"content":{"rendered":"\n<p>Cagliari, 26 Agi 2025 - Duecento ragazze e ragazzi under 30 in rappresentanza di 38 Paesi, una formula rodata che ha l'obiettivo di favorire il dialogo, promuovere scambi culturali e far conoscere Cagliari e la Sardegna a giovani provenienti da tutto il mondo: torna in citt\u00e0 l'International Summer Week, il meeting giovanile pi\u00f9 importante del Mediterraneo, ideato e organizzato dalla Tdm 2000 e arrivato quest'anno alla 26esima edizione.<\/p>\n\n\n\n<p>La cerimonia inaugurale, che si \u00e8 tenuta questa mattina negli spazi di Sa Manifattura, \u00e8 stata l'occasione per porre l'accento sul tema scelto per i lavori di quest'anno: la promozione della consapevolezza sull\u2019importanza del benessere psicologico, argomento sempre pi\u00f9 centrale e sempre pi\u00f9 sentito, insieme agli stili di vita salutari, nei percorsi di crescita delle nuove generazioni.<\/p>\n\n\n\n<p>A portare i saluti dell'amministrazione comunale, l'assessora alla Pubblica istruzione, sostegno allo studio e alla conoscenza Giulia Andreozzi: \u201cQuello del benessere psicologico\u201d, ha sottolineato, \u201c\u00e8 un argomento che deve essere basilare in ogni ragionamento e in ogni azione di chi \u00e8 chiamato ad amministrare. \u00c8 bello vedere questo entusiasmo e questa partecipazione davanti a un tema cos\u00ec importante: a chi vive a Cagliari chiedo di farsi sentire, scriverci, essere parte attiva nelle scelte per la citt\u00e0; agli altri, di farlo ciascuno nel proprio Paese, nel luogo in cui vive, su questo tema e su tutti gli altri. Il confronto \u00e8 uno dei modi migliori per la crescita collettiva\u201d.<\/p>\n\n\n\n<p>Tra le attivit\u00e0 previste, che si svolgeranno a Cagliari e in diverse zone della Sardegna, workshop, seminari e condivisione di buone pratiche. In programma nei prossimi giorni, su invito del presidente del Consiglio comunale Marco Benucci, anche l'ormai tradizionale visita a Palazzo Bacaredda. Com<\/p>\n","protected":false},"excerpt":{"rendered":"<p>Cagliari, 26 Agi 2025 &#8211; Duecento ragazze e ragazzi under 30 in rappresentanza di 38 Paesi, una formula rodata che ha l&#8217;obiettivo di favorire il&#8230;<\/p>\n","protected":false},"author":2,"featured_media":263629,"comment_status":"closed","ping_status":"open","sticky":false,"template":"","format":"standard","meta":[],"categories":[49,53],"tags":[],"_links":{"self":[{"href":"https:\/\/www.cronacaonline.it\/index.php\/wp-json\/wp\/v2\/posts\/263628"}],"collection":[{"href":"https:\/\/www.cronacaonline.it\/index.php\/wp-json\/wp\/v2\/posts"}],"about":[{"href":"https:\/\/www.cronacaonline.it\/index.php\/wp-json\/wp\/v2\/types\/post"}],"author":[{"embeddable":true,"href":"https:\/\/www.cronacaonline.it\/index.php\/wp-json\/wp\/v2\/users\/2"}],"replies":[{"embeddable":true,"href":"https:\/\/www.cronacaonline.it\/index.php\/wp-json\/wp\/v2\/comments?post=263628"}],"version-history":[{"count":1,"href":"https:\/\/www.cronacaonline.it\/index.php\/wp-json\/wp\/v2\/posts\/263628\/revisions"}],"predecessor-version":[{"id":263630,"href":"https:\/\/www.cronacaonline.it\/index.php\/wp-json\/wp\/v2\/posts\/263628\/revisions\/263630"}],"wp:featuredmedia":[{"embeddable":true,"href":"https:\/\/www.cronacaonline.it\/index.php\/wp-json\/wp\/v2\/media\/263629"}],"wp:attachment":[{"href":"https:\/\/www.cronacaonline.it\/index.php\/wp-json\/wp\/v2\/media?parent=263628"}],"wp:term":[{"taxonomy":"category","embeddable":true,"href":"https:\/\/www.cronacaonline.it\/index.php\/wp-json\/wp\/v2\/categories?post=263628"},{"taxonomy":"post_tag","embeddable":true,"href":"https:\/\/www.cronacaonline.it\/index.php\/wp-json\/wp\/v2\/tags?post=263628"}],"curies":[{"name":"wp","href":"https:\/\/api.w.org\/{rel}","templated":true}]}}