{"id":263599,"date":"2025-08-25T10:41:32","date_gmt":"2025-08-25T08:41:32","guid":{"rendered":"https:\/\/www.cronacaonline.it\/?p=263599"},"modified":"2025-08-25T10:41:35","modified_gmt":"2025-08-25T08:41:35","slug":"ambiente-cagliari-abbandono-di-rifiuti-ed-evasori-tari-sanzionate-oltre-mille-irregolarita","status":"publish","type":"post","link":"https:\/\/www.cronacaonline.it\/index.php\/2025\/08\/25\/ambiente-cagliari-abbandono-di-rifiuti-ed-evasori-tari-sanzionate-oltre-mille-irregolarita\/","title":{"rendered":"Ambiente Cagliari &#8211; Abbandono di rifiuti ed evasori Tari: sanzionate oltre mille irregolarit\u00e0."},"content":{"rendered":"\n<p>Cagliari, 25 Ago 2025 - Il contrasto all\u2019abbandono dei rifiuti e al degrado ambientale continua a ottenere risultati concreti grazie all\u2019attivit\u00e0 della sezione di Igiene urbana della Polizia Locale di Cagliari, istituita lo scorso dicembre con la finalit\u00e0 di tutelare il territorio comunale e promuovere una cultura della legalit\u00e0 e della sostenibilit\u00e0.<\/p>\n\n\n\n<p>Da gennaio 2025 sono state sanzionate 1006 irregolarit\u00e0, in particolare per l'errato conferimento delle frazioni di rifiuto e per l'abbandono dei rifiuti. Quest'ultima infrazione \u00e8 stata identificata sia con il supporto delle telecamere sia grazie all'attivit\u00e0 sul campo degli agenti che hanno colto in flagrante le inosservanze del regolamento comunale sulla gestione dei rifiuti urbani.&nbsp;<\/p>\n\n\n\n<p>La sezione di Igiene urbana, composta da un funzionario e nove istruttori di Polizia locale, opera in costante coordinamento con il servizio Igiene del suolo. Le linee guida operative vengono definite con cadenza trimestrale e i risultati delle attivit\u00e0 di controllo sono resi pubblici con criteri di trasparenza e continuit\u00e0.<\/p>\n\n\n\n<p>\"La collaborazione istituzionale e con la cittadinanza porta sempre a risultati tangibili\",&nbsp;commenta l'assessora all'Ecologia urbana, ambiente e verde pubblico, Luisa Giua Marassi:&nbsp;\"L\u2019obiettivo prioritario \u00e8 quello di contrastare in maniera sempre pi\u00f9 efficace i comportamenti scorretti, consolidare la cultura della legalit\u00e0 e il rispetto per l\u2019ambiente.&nbsp; L\u2019azione della Sezione serve anche a rafforzare la cooperazione tra l\u2019amministrazione e le cittadine e i cittadini virtuosi, che sono ogni giorno al nostro fianco nella tutela dell\u2019ambiente e del decoro della citt\u00e0, ora finalmente percepita come 'la propria casa'. Un importante cambio di prospettiva che fa percepire il corretto conferimento dei rifiuti come un gesto non solo doveroso per legge ma indispensabile per la cura del territorio e della salute di tutte e tutti\u201d. Com<\/p>\n","protected":false},"excerpt":{"rendered":"<p>Cagliari, 25 Ago 2025 &#8211; Il contrasto all\u2019abbandono dei rifiuti e al degrado ambientale continua a ottenere risultati concreti grazie all\u2019attivit\u00e0 della sezione di Igiene&#8230;<\/p>\n","protected":false},"author":2,"featured_media":154965,"comment_status":"closed","ping_status":"open","sticky":false,"template":"","format":"standard","meta":[],"categories":[49,53],"tags":[],"_links":{"self":[{"href":"https:\/\/www.cronacaonline.it\/index.php\/wp-json\/wp\/v2\/posts\/263599"}],"collection":[{"href":"https:\/\/www.cronacaonline.it\/index.php\/wp-json\/wp\/v2\/posts"}],"about":[{"href":"https:\/\/www.cronacaonline.it\/index.php\/wp-json\/wp\/v2\/types\/post"}],"author":[{"embeddable":true,"href":"https:\/\/www.cronacaonline.it\/index.php\/wp-json\/wp\/v2\/users\/2"}],"replies":[{"embeddable":true,"href":"https:\/\/www.cronacaonline.it\/index.php\/wp-json\/wp\/v2\/comments?post=263599"}],"version-history":[{"count":1,"href":"https:\/\/www.cronacaonline.it\/index.php\/wp-json\/wp\/v2\/posts\/263599\/revisions"}],"predecessor-version":[{"id":263600,"href":"https:\/\/www.cronacaonline.it\/index.php\/wp-json\/wp\/v2\/posts\/263599\/revisions\/263600"}],"wp:featuredmedia":[{"embeddable":true,"href":"https:\/\/www.cronacaonline.it\/index.php\/wp-json\/wp\/v2\/media\/154965"}],"wp:attachment":[{"href":"https:\/\/www.cronacaonline.it\/index.php\/wp-json\/wp\/v2\/media?parent=263599"}],"wp:term":[{"taxonomy":"category","embeddable":true,"href":"https:\/\/www.cronacaonline.it\/index.php\/wp-json\/wp\/v2\/categories?post=263599"},{"taxonomy":"post_tag","embeddable":true,"href":"https:\/\/www.cronacaonline.it\/index.php\/wp-json\/wp\/v2\/tags?post=263599"}],"curies":[{"name":"wp","href":"https:\/\/api.w.org\/{rel}","templated":true}]}}