{"id":263584,"date":"2025-08-25T08:14:11","date_gmt":"2025-08-25T06:14:11","guid":{"rendered":"https:\/\/www.cronacaonline.it\/?p=263584"},"modified":"2025-08-25T08:14:14","modified_gmt":"2025-08-25T06:14:14","slug":"i-cambiamenti-nella-scuola-niente-cellulari-e-voto-in-condotta-le-novita-del-nuovo-anno-scolastico","status":"publish","type":"post","link":"https:\/\/www.cronacaonline.it\/index.php\/2025\/08\/25\/i-cambiamenti-nella-scuola-niente-cellulari-e-voto-in-condotta-le-novita-del-nuovo-anno-scolastico\/","title":{"rendered":"I cambiamenti nella Scuola: niente cellulari e voto in condotta le novit\u00e0 del nuovo anno scolastico."},"content":{"rendered":"\n<p>Roma, 25 Ago 2025 - Stop ai cellulari in classe, stretta sul voto in condotta,\u00a0novit\u00e0 all'esame di Maturit\u00e0 e, dal\u00a02026, anche\u00a0nuovi programmi scolastici\u00a0alle elementari e alle medie.<a rel=\"noreferrer noopener\" href=\"https:\/\/www.rainews.it\/articoli\/2025\/08\/lestate-sta-finendo-scuola-quando-riaprono-ed-il-calendario-il-calendario-istruzione-7f7b5355-44a0-48f8-97b4-fc092530623e.html\" target=\"_blank\">\u00a0Sono tante le\u00a0novit\u00e0\u00a0che attendono la scuola a pochi giorni ormai, dalle prime riaperture.\u00a0<\/a><\/p>\n\n\n\n<p>Da quest'anno scolastico il cellulare sar\u00e0 bandito durante le lezioni in tutti gli istituti di ogni ordine e grado: il ministero dell'Istruzione ha diffuso infatti a giugno&nbsp;una circolare che dispone a partire da settembre anche per gli studenti delle superiori - al primo ciclo i telefonini erano gi\u00e0 stati vietati - il divieto di utilizzo del telefonino durante lo svolgimento dell'attivit\u00e0 didattica e pi\u00f9 in generale in orario scolastico.<\/p>\n\n\n\n<p>\u00c8 questa una delle pi\u00f9 importanti novit\u00e0 dell'avvio del nuovo anno ma non \u00e8 l'unica: entrano infatti in vigore, sempre da settembre, le nuove disposizioni sul voto in condotta: d'ora in poi chi ricever\u00e0 un 5 in condotta dovr\u00e0 ripetere l'anno, mentre con il 6 alle superiori sar\u00e0 \"rimandato a settembre\" e per essere promosso dovr\u00e0 superare una prova avente per oggetto i valori di cittadinanza. Il voto in condotta torna alle medie (espresso in decimi) e far\u00e0 media. In generale il voto in condotta dovr\u00e0 essere riferito a tutto l'anno scolastico e non pi\u00f9 al quadrimestre.<\/p>\n\n\n\n<p>Per gli studenti dell'ultimo anno delle superiori l'elaborato critico in materia di&nbsp;cittadinanza attiva e solidale dovr\u00e0 essere trattato in sede di colloquio all'esame di Stato. Il voto sul&nbsp;comportamento&nbsp;incider\u00e0 anche sui crediti per l'ammissione all'esame di&nbsp;Maturit\u00e0: il punteggio pi\u00f9 alto nell'ambito della fascia di attribuzione del credito scolastico pu\u00f2 essere dato&nbsp;solo se il voto di comportamento assegnato \u00e8 pari a nove.<\/p>\n\n\n\n<p>Cambia anche la sospensione: se sospeso fino a due giorni, lo studente sar\u00e0&nbsp;coinvolto&nbsp;in attivit\u00e0 di approfondimento sui temi legati ai&nbsp;comportamenti&nbsp;che hanno causato il provvedimento.<\/p>\n\n\n\n<p>Gi\u00e0 nell'anno scolastico 2024-2025 sono invece entrate in vigore le nuove linee sull'Educazione civica e l'Educazione alle relazioni e un aggravio delle sanzioni e delle pene - compreso l'arresto in flagranza - per chi aggredisce il personale scolastico.<\/p>\n\n\n\n<p>Il ministro dell'istruzione Giuseppe&nbsp;Valditara&nbsp;ha anche annunciato per l'anno scolastico che sta per partire una serie di novit\u00e0 sull'esame di Maturit\u00e0: si prevedono cambiamenti significativi, soprattutto per quanto riguarda il colloquio orale, che diventa multidisciplinare e valuta le competenze acquisite durante il percorso scolastico. Non solo: chi si rifiuter\u00e0 di sostenere l'orale - quest'anno sono saliti alla ribalta alcuni casi di maturandi che, come forma di protesta, hanno rifiutato il colloquio, risultando alla fine ugualmente promossi - verr\u00e0 bocciato.&nbsp;Inoltre, se la prima prova scritta, di italiano, rimane invariata, la seconda prova, specifica per indirizzo, potrebbe subire modifiche.<\/p>\n\n\n\n<p>Una novit\u00e0 per la quale bisogner\u00e0 per\u00f2 attendere il prossimo anno scolastico (2026-2027), riguarder\u00e0 la revisione dei programmi alle elementari e alle medie. Infine, il ministro ha annunciato che nei futuri progetti di edilizia residenziale sociale verranno destinati alloggi a prezzi calmierati anche a chi lavora nella scuola, in particolare a quanti si trasferiscono per ragioni di lavoro. &nbsp;<\/p>\n","protected":false},"excerpt":{"rendered":"<p>Roma, 25 Ago 2025 &#8211; Stop ai cellulari in classe, stretta sul voto in condotta,\u00a0novit\u00e0 all&#8217;esame di Maturit\u00e0 e, dal\u00a02026, anche\u00a0nuovi programmi scolastici\u00a0alle elementari e&#8230;<\/p>\n","protected":false},"author":2,"featured_media":263585,"comment_status":"closed","ping_status":"open","sticky":false,"template":"","format":"standard","meta":[],"categories":[49,50],"tags":[],"_links":{"self":[{"href":"https:\/\/www.cronacaonline.it\/index.php\/wp-json\/wp\/v2\/posts\/263584"}],"collection":[{"href":"https:\/\/www.cronacaonline.it\/index.php\/wp-json\/wp\/v2\/posts"}],"about":[{"href":"https:\/\/www.cronacaonline.it\/index.php\/wp-json\/wp\/v2\/types\/post"}],"author":[{"embeddable":true,"href":"https:\/\/www.cronacaonline.it\/index.php\/wp-json\/wp\/v2\/users\/2"}],"replies":[{"embeddable":true,"href":"https:\/\/www.cronacaonline.it\/index.php\/wp-json\/wp\/v2\/comments?post=263584"}],"version-history":[{"count":1,"href":"https:\/\/www.cronacaonline.it\/index.php\/wp-json\/wp\/v2\/posts\/263584\/revisions"}],"predecessor-version":[{"id":263586,"href":"https:\/\/www.cronacaonline.it\/index.php\/wp-json\/wp\/v2\/posts\/263584\/revisions\/263586"}],"wp:featuredmedia":[{"embeddable":true,"href":"https:\/\/www.cronacaonline.it\/index.php\/wp-json\/wp\/v2\/media\/263585"}],"wp:attachment":[{"href":"https:\/\/www.cronacaonline.it\/index.php\/wp-json\/wp\/v2\/media?parent=263584"}],"wp:term":[{"taxonomy":"category","embeddable":true,"href":"https:\/\/www.cronacaonline.it\/index.php\/wp-json\/wp\/v2\/categories?post=263584"},{"taxonomy":"post_tag","embeddable":true,"href":"https:\/\/www.cronacaonline.it\/index.php\/wp-json\/wp\/v2\/tags?post=263584"}],"curies":[{"name":"wp","href":"https:\/\/api.w.org\/{rel}","templated":true}]}}