{"id":263355,"date":"2025-08-14T10:43:07","date_gmt":"2025-08-14T08:43:07","guid":{"rendered":"https:\/\/www.cronacaonline.it\/?p=263355"},"modified":"2025-08-14T10:43:09","modified_gmt":"2025-08-14T08:43:09","slug":"brazilian-ju-jitsu-summer-week-in-arrivo-a-cagliari-un-migliaio-di-persone-da-50-paesi-del-mondo","status":"publish","type":"post","link":"https:\/\/www.cronacaonline.it\/index.php\/2025\/08\/14\/brazilian-ju-jitsu-summer-week-in-arrivo-a-cagliari-un-migliaio-di-persone-da-50-paesi-del-mondo\/","title":{"rendered":"Brazilian Ju Jitsu Summer Week, in arrivo a Cagliari un migliaio di persone da 50 paesi del mondo."},"content":{"rendered":"\n<p>Cagliari, 14 Ago 2025\u00a0\u2013 Sbarcheranno in mille a Cagliari, dai primi giorni di settembre, per la\u00a0Brazilian Ju Jitsu Summer Week, ormai annuale appuntamento con i campioni mondiali della disciplina. L\u2019iniziativa, turistico-sportiva, si terr\u00e0\u00a0dal 14 al 22 settembre, \u00e8 organizzata dall\u2019associazione\u00a0ASD S\u2019Animu\u00a0ed \u00e8 giunta alla sua decima edizione. Anche quest\u2019anno tanti maestri, molte donne e pure un atleta non vedente tra i partecipanti.<\/p>\n\n\n\n<p>\u201cPer il decimo anno portiamo in Sardegna, non solo a Cagliari, maestri del BJJ, atleti professionisti e amanti della disciplina, con tantissime conferme e nuovi ingressi -, anticipa&nbsp;Daniele Pisu, presidente dell\u2019Asd S\u2019Animu. \u201cNegli anni la manifestazione \u00e8 cresciuta in maniera esponenziale, come numeri, come sponsor, come presenze: Cagliari \u00e8, ormai, una tappa del circuito internazionale del Brazilian Ju Jitsu. Siamo gi\u00e0 attivi da mesi \u2013 sottolinea ancora Pisu - per trovare biglietti aerei e sistemazione in tutte le strutture ricettive dell\u2019area metropolitana, affittacamere e B&amp;B.&nbsp;Ci sar\u00e0 anche quest\u2019anno il&nbsp;villaggio sportivo nella zona di Monte Mixi, stiamo chiudendo accordi per escursioni nel centro Sardegna, visite ad imprese artigiane tipiche, corsi di cucina tradizionale sarda, collaborazioni con aziende agricole e vitivinicole, lezioni di yoga. Si entrer\u00e0 nel vivo degli appuntamenti sportivi dal 17 settembre, con gare, seminari, dimostrazioni, per arrivare al clou della tappa mondiale con l\u2019Ocean, il 20 settembre\u201d. Com<\/p>\n","protected":false},"excerpt":{"rendered":"<p>Cagliari, 14 Ago 2025\u00a0\u2013 Sbarcheranno in mille a Cagliari, dai primi giorni di settembre, per la\u00a0Brazilian Ju Jitsu Summer Week, ormai annuale appuntamento con i&#8230;<\/p>\n","protected":false},"author":2,"featured_media":263356,"comment_status":"closed","ping_status":"open","sticky":false,"template":"","format":"standard","meta":[],"categories":[49,56],"tags":[],"_links":{"self":[{"href":"https:\/\/www.cronacaonline.it\/index.php\/wp-json\/wp\/v2\/posts\/263355"}],"collection":[{"href":"https:\/\/www.cronacaonline.it\/index.php\/wp-json\/wp\/v2\/posts"}],"about":[{"href":"https:\/\/www.cronacaonline.it\/index.php\/wp-json\/wp\/v2\/types\/post"}],"author":[{"embeddable":true,"href":"https:\/\/www.cronacaonline.it\/index.php\/wp-json\/wp\/v2\/users\/2"}],"replies":[{"embeddable":true,"href":"https:\/\/www.cronacaonline.it\/index.php\/wp-json\/wp\/v2\/comments?post=263355"}],"version-history":[{"count":1,"href":"https:\/\/www.cronacaonline.it\/index.php\/wp-json\/wp\/v2\/posts\/263355\/revisions"}],"predecessor-version":[{"id":263357,"href":"https:\/\/www.cronacaonline.it\/index.php\/wp-json\/wp\/v2\/posts\/263355\/revisions\/263357"}],"wp:featuredmedia":[{"embeddable":true,"href":"https:\/\/www.cronacaonline.it\/index.php\/wp-json\/wp\/v2\/media\/263356"}],"wp:attachment":[{"href":"https:\/\/www.cronacaonline.it\/index.php\/wp-json\/wp\/v2\/media?parent=263355"}],"wp:term":[{"taxonomy":"category","embeddable":true,"href":"https:\/\/www.cronacaonline.it\/index.php\/wp-json\/wp\/v2\/categories?post=263355"},{"taxonomy":"post_tag","embeddable":true,"href":"https:\/\/www.cronacaonline.it\/index.php\/wp-json\/wp\/v2\/tags?post=263355"}],"curies":[{"name":"wp","href":"https:\/\/api.w.org\/{rel}","templated":true}]}}