{"id":263341,"date":"2025-08-13T20:33:14","date_gmt":"2025-08-13T18:33:14","guid":{"rendered":"https:\/\/www.cronacaonline.it\/?p=263341"},"modified":"2025-08-13T20:33:16","modified_gmt":"2025-08-13T18:33:16","slug":"oss-del-sulcis-iglesiente-di-sassari-e-del-brotzu-ancora-nessuna-risposta-sulla-stabilizzazione-lavv-carla-cuccu-chiede-chiarezza-e-rispetto-per-figure-professionali-essenziali-alla-sanit","status":"publish","type":"post","link":"https:\/\/www.cronacaonline.it\/index.php\/2025\/08\/13\/oss-del-sulcis-iglesiente-di-sassari-e-del-brotzu-ancora-nessuna-risposta-sulla-stabilizzazione-lavv-carla-cuccu-chiede-chiarezza-e-rispetto-per-figure-professionali-essenziali-alla-sanit\/","title":{"rendered":"Oss del Sulcis Iglesiente, di Sassari e del Brotzu: ancora nessuna risposta sulla stabilizzazione. L\u2019Avv. Carla Cuccu chiede chiarezza e rispetto per figure professionali essenziali alla sanit\u00e0 sarda."},"content":{"rendered":"\n<p>Cagliari, 13 Ago 2025 \u2013 \u00ab\u00c8 inaccettabile il silenzio istituzionale che continua a gravare sulla vicenda degli Operatori Socio Sanitari (OSS) del Sulcis Iglesiente, di Sassari e dell\u2019Ospedale Brotzu, ai quali \u2013 nonostante i requisiti previsti dalla legge \u2013 non \u00e8 stato garantito il percorso di stabilizzazione. Da mesi, come legale incaricato, ho formalmente diffidato i Commissari straordinari delle ASL competenti e l\u2019Assessore regionale alla Sanit\u00e0, dott. Bartolazzi, senza ricevere alcun riscontro\u00bb, dichiara l\u2019ex consigliera regionale Avv. Carla Cuccu.<\/p>\n\n\n\n<p>Si tratta di una quindicina di Oss che, con dedizione e professionalit\u00e0, hanno prestato servizio in prima linea, anche durante le fasi pi\u00f9 critiche della pandemia da Covid-19, e che oggi vedono negato il diritto alla continuit\u00e0 lavorativa, nonostante la normativa nazionale e regionale riconosca esplicitamente questa possibilit\u00e0.<\/p>\n\n\n\n<p>Durante l\u2019emergenza pandemica, questi operatori hanno lavorato con zelo, coraggio e assoluta professionalit\u00e0, rischiando quotidianamente la propria vita per garantire assistenza ai pazienti, quando, spesso e volentieri, personale gi\u00e0 assunto a tempo indeterminato disertava il lavoro per paura del contagio e per l\u2019eccessivo carico di lavoro.&nbsp; Gli Oss coinvolti hanno dimostrato un senso del dovere e un\u2019attitudine al sacrificio che meriterebbero oggi non solo riconoscenza morale, ma anche un adeguato riconoscimento contrattuale e la certezza di un futuro professionale stabile.<\/p>\n\n\n\n<p>Il D.Lgs. 234\/2021 e le successive disposizioni, inclusi gli aggiornamenti introdotti dal Decreto Milleproroghe 2025, consentono la stabilizzazione del personale sanitario a tempo determinato che abbia maturato i requisiti di servizio previsti. Eppure, anzich\u00e9 procedere con l\u2019assunzione di queste figure professionali gi\u00e0 formate e operative, si assiste ad un crescente ricorso a contratti esterni e a soluzioni precarie, con evidente danno per la qualit\u00e0 e la stabilit\u00e0 del sistema sanitario sardo.<\/p>\n\n\n\n<p>\u00abNon si pu\u00f2 tollerare che operatori essenziali, che ogni giorno garantiscono assistenza e dignit\u00e0 ai pazienti, vengano ignorati dalle istituzioni. Chiedo pubblicamente all\u2019Assessore Bartolazzi e ai Commissari straordinari delle ASL interessate di spiegare le ragioni di questa inaccettabile inerzia e di avviare immediatamente le procedure di stabilizzazione, come previsto dalla legge\u00bb, prosegue Cuccu.<\/p>\n\n\n\n<p>L\u2019Avv. Cuccu ribadisce che, in assenza di un tempestivo intervento, proseguir\u00e0 nelle azioni legali a tutela dei diritti dei lavoratori e per il riconoscimento della loro professionalit\u00e0, ricordando che il diritto al lavoro e alla salute sono principi fondamentali sanciti dalla Costituzione. Com<\/p>\n","protected":false},"excerpt":{"rendered":"<p>Cagliari, 13 Ago 2025 \u2013 \u00ab\u00c8 inaccettabile il silenzio istituzionale che continua a gravare sulla vicenda degli Operatori Socio Sanitari (OSS) del Sulcis Iglesiente, di&#8230;<\/p>\n","protected":false},"author":2,"featured_media":221741,"comment_status":"closed","ping_status":"open","sticky":false,"template":"","format":"standard","meta":[],"categories":[49,53],"tags":[],"_links":{"self":[{"href":"https:\/\/www.cronacaonline.it\/index.php\/wp-json\/wp\/v2\/posts\/263341"}],"collection":[{"href":"https:\/\/www.cronacaonline.it\/index.php\/wp-json\/wp\/v2\/posts"}],"about":[{"href":"https:\/\/www.cronacaonline.it\/index.php\/wp-json\/wp\/v2\/types\/post"}],"author":[{"embeddable":true,"href":"https:\/\/www.cronacaonline.it\/index.php\/wp-json\/wp\/v2\/users\/2"}],"replies":[{"embeddable":true,"href":"https:\/\/www.cronacaonline.it\/index.php\/wp-json\/wp\/v2\/comments?post=263341"}],"version-history":[{"count":1,"href":"https:\/\/www.cronacaonline.it\/index.php\/wp-json\/wp\/v2\/posts\/263341\/revisions"}],"predecessor-version":[{"id":263342,"href":"https:\/\/www.cronacaonline.it\/index.php\/wp-json\/wp\/v2\/posts\/263341\/revisions\/263342"}],"wp:featuredmedia":[{"embeddable":true,"href":"https:\/\/www.cronacaonline.it\/index.php\/wp-json\/wp\/v2\/media\/221741"}],"wp:attachment":[{"href":"https:\/\/www.cronacaonline.it\/index.php\/wp-json\/wp\/v2\/media?parent=263341"}],"wp:term":[{"taxonomy":"category","embeddable":true,"href":"https:\/\/www.cronacaonline.it\/index.php\/wp-json\/wp\/v2\/categories?post=263341"},{"taxonomy":"post_tag","embeddable":true,"href":"https:\/\/www.cronacaonline.it\/index.php\/wp-json\/wp\/v2\/tags?post=263341"}],"curies":[{"name":"wp","href":"https:\/\/api.w.org\/{rel}","templated":true}]}}