{"id":263307,"date":"2025-08-13T10:44:27","date_gmt":"2025-08-13T08:44:27","guid":{"rendered":"https:\/\/www.cronacaonline.it\/?p=263307"},"modified":"2025-08-13T10:44:29","modified_gmt":"2025-08-13T08:44:29","slug":"lincubo-di-entrare-e-uscire-dalla-zona-industriale-di-olbia-imprenditori-lavoratori-e-cittadini-esasperati-chiedono-una-bretella-di-collegamento-tra-larea-produttiva-e-la-citta","status":"publish","type":"post","link":"https:\/\/www.cronacaonline.it\/index.php\/2025\/08\/13\/lincubo-di-entrare-e-uscire-dalla-zona-industriale-di-olbia-imprenditori-lavoratori-e-cittadini-esasperati-chiedono-una-bretella-di-collegamento-tra-larea-produttiva-e-la-citta\/","title":{"rendered":"L\u2019incubo di entrare e uscire dalla zona industriale di Olbia. Imprenditori, lavoratori e cittadini esasperati chiedono una bretella di collegamento tra l\u2019area produttiva e la citt\u00e0."},"content":{"rendered":"\n<p>Cagliari, 13 Ago 2025 - L\u2019entrata e l\u2019uscita dalla zona industriale di Olbia \u00e8 devenuta ogni giorno un\u2019impresa da incubo per gli imprenditori, il personale e gli automezzi che devono raggiungere le proprie attivit\u00e0 produttive e per le merci che devono essere distribuite nel territorio o per i prodotti che devono entrare nei capannoni.<\/p>\n\n\n\n<p>La situazione, poi, diventa ingestibile nei mesi estivi quando al normale traffico urbano e commerciale si aggiunge il flusso delle centinaia di migliaia di turisti che raggiungono le case delle vacanze e le spiagge o che sbarcano dai porti e dall\u2019aeroporto, bloccando, anche per ore, tir, camion e auto che escono dal pi\u00f9 importante polo produttivo della Gallura, creando di fatto un ingorgo permanente e senza fine.<\/p>\n\n\n\n<p>La denuncia arriva da Confartigianato Imprese Gallura che, ogni settimana, raccoglie decine di segnalazioni di disagio, unite a frustrazione e rabbia, da parte di lavoratori che arrivano in ritardo al lavoro, anche di 40-50 minuti, imprese che perdono efficienza e soldi per colpa di tempi morti, genitori che non riescono a rientrare a casa in tempo, corrieri e fornitori costretti a raddoppiare i tempi di consegna.<\/p>\n\n\n\n<p>Per l\u2019Associazione degli Artigiani Galluresi le vie esistenti, quindi il cavalcaferrovia di Via dei Lidi, gli svincoli sulla SS125, la circonvallazione esterna, non bastano pi\u00f9: \u00e8 necessario un collegamento diretto con Viale Aldo Moro<\/p>\n\n\n\n<p>E qui la proposta semplice e condivisa da molti: realizzare una nuova bretella di collegamento tra la zona industriale e la citt\u00e0, che attraversi la ferrovia Olbia \u2013 Golfo Aranci e si connetta direttamente con Viale Aldo Moro. Un passaggio che permetta a chi lavora, e non solo, di evitare il centro, alleggerire il cavalcaferrovia e avere finalmente un accesso veloce, sicuro e funzionale. Secondo Confartigianato Gallura, questa nuova connessione avrebbe funzione complementare rispetto agli attuali snodi e permetterebbe di separare i flussi urbani da quelli diretti alla zona industriale, decongestionare il cavalcaferrovia di Via dei Lidi e snellire i percorsi interni alla citt\u00e0. Confartigianato Gallura ricorda come una idea simile esista da tempo ma non si capisce se il problema sia stato mai affrontato concretamente o se ci sia un iter gi\u00e0 avviato.<\/p>\n\n\n\n<p>\u201cNon possiamo continuare a perdere tempo, soldi e serenit\u00e0 nel traffico - affermano di Dirigenti di Confartigianato Gallura, Giacomino Maludrottu, fabbro artigiano insediato da oltre trent'anni in zona industriale, e Simone Ballo, imprenditore settore gas e impianti - e sappiamo che le grandi opere richiedono tempo, progettazione, risorse. Ma il tempo \u00e8 finito\u201d. \u201cServe una scelta politica chiara, serve che Comune, Cipnes, Ferrovie e tutti gli enti coinvolti si parlino e mettano quest\u2019opera in cima alle priorit\u00e0 - continuano Maludrottu e Ballo - non possiamo aspettare altri cinque anni di promesse mentre la citt\u00e0 si blocca e le imprese perdono competitivit\u00e0\u201d.<\/p>\n\n\n\n<p>Per l\u2019Associazione degli Artigiani Galluresi, infine, la realizzazione di quest\u2019opera darebbe finalmente una risposta efficace a migliaia di lavoratori e operatori economici che ogni giorno vivono il disagio di code interminabili, ritardi e stress evitabili. Investire sulla viabilit\u00e0 significa investire sul lavoro, sull\u2019economia e sulla vivibilit\u00e0 di tutta la citt\u00e0 di Olbia. Red-copm<\/p>\n","protected":false},"excerpt":{"rendered":"<p>Cagliari, 13 Ago 2025 &#8211; L\u2019entrata e l\u2019uscita dalla zona industriale di Olbia \u00e8 devenuta ogni giorno un\u2019impresa da incubo per gli imprenditori, il personale&#8230;<\/p>\n","protected":false},"author":2,"featured_media":135223,"comment_status":"closed","ping_status":"open","sticky":false,"template":"","format":"standard","meta":[],"categories":[49,53],"tags":[],"_links":{"self":[{"href":"https:\/\/www.cronacaonline.it\/index.php\/wp-json\/wp\/v2\/posts\/263307"}],"collection":[{"href":"https:\/\/www.cronacaonline.it\/index.php\/wp-json\/wp\/v2\/posts"}],"about":[{"href":"https:\/\/www.cronacaonline.it\/index.php\/wp-json\/wp\/v2\/types\/post"}],"author":[{"embeddable":true,"href":"https:\/\/www.cronacaonline.it\/index.php\/wp-json\/wp\/v2\/users\/2"}],"replies":[{"embeddable":true,"href":"https:\/\/www.cronacaonline.it\/index.php\/wp-json\/wp\/v2\/comments?post=263307"}],"version-history":[{"count":1,"href":"https:\/\/www.cronacaonline.it\/index.php\/wp-json\/wp\/v2\/posts\/263307\/revisions"}],"predecessor-version":[{"id":263308,"href":"https:\/\/www.cronacaonline.it\/index.php\/wp-json\/wp\/v2\/posts\/263307\/revisions\/263308"}],"wp:featuredmedia":[{"embeddable":true,"href":"https:\/\/www.cronacaonline.it\/index.php\/wp-json\/wp\/v2\/media\/135223"}],"wp:attachment":[{"href":"https:\/\/www.cronacaonline.it\/index.php\/wp-json\/wp\/v2\/media?parent=263307"}],"wp:term":[{"taxonomy":"category","embeddable":true,"href":"https:\/\/www.cronacaonline.it\/index.php\/wp-json\/wp\/v2\/categories?post=263307"},{"taxonomy":"post_tag","embeddable":true,"href":"https:\/\/www.cronacaonline.it\/index.php\/wp-json\/wp\/v2\/tags?post=263307"}],"curies":[{"name":"wp","href":"https:\/\/api.w.org\/{rel}","templated":true}]}}