{"id":263184,"date":"2025-08-08T14:49:17","date_gmt":"2025-08-08T12:49:17","guid":{"rendered":"https:\/\/www.cronacaonline.it\/?p=263184"},"modified":"2025-08-08T14:49:18","modified_gmt":"2025-08-08T12:49:18","slug":"dermatite-bovina-il-presidente-del-consiglio-ha-promosso-lincontro-tra-i-capigruppo-e-i-rappresentanti-degli-allevatori-maggioranza-e-minoranza-lavorano-a-un-testo-condiviso-da-approvare-lu","status":"publish","type":"post","link":"https:\/\/www.cronacaonline.it\/index.php\/2025\/08\/08\/dermatite-bovina-il-presidente-del-consiglio-ha-promosso-lincontro-tra-i-capigruppo-e-i-rappresentanti-degli-allevatori-maggioranza-e-minoranza-lavorano-a-un-testo-condiviso-da-approvare-lu\/","title":{"rendered":"Dermatite bovina, il presidente del Consiglio ha promosso l\u2019incontro tra i capigruppo e i rappresentanti degli allevatori. Maggioranza e minoranza lavorano a un testo condiviso da approvare luned\u00ec in Consiglio."},"content":{"rendered":"\n<p>Cagliari, 8 Ago 2025 \u2013 L\u2019incontro, promosso dal presidente del Consiglio Piero Comandini, tra i capigruppo e i rappresentanti di Cia, Coldiretti, Copagari e Confagricoltura, sull\u2019emergenza legata alla dermatite bovina (Lumpy Skin Disease - Lsd) ha consentito di arrivare alla decisione di portare, luned\u00ec in Aula, un testo condiviso, tra maggioranza e minoranza. L\u2019obiettivo \u00e8 di approvare subito un testo, ha sottolineato il presidente, che dia risposte efficaci e rapide agli allevatori, gravemente danneggiati dalla dermatite bovina contagiosa. Una volont\u00e0 che \u00e8 stata condivisa anche dal capogruppo di Fratelli d\u2019Italia, Paolo Truzzu, che ha per\u00f2 avvisato che sar\u00e0 difficile, anche approvando il provvedimento luned\u00ec, fare arrivare i ristori agli allevatori gi\u00e0 ad agosto.<\/p>\n\n\n\n<p>Tra le richieste pi\u00f9 importanti celerit\u00e0, efficacia, un provvedimento snello e aperto a modifiche sulle somme impegnate, visto che ancora non \u00e8 possibile sapere l\u2019evoluzione della malattia. Secondo gli ultimi dati disponibili, ha spiegato Giuseppe Patteri, presidente di Copagri, i focolai sono 55 e solo un paio di giorni fa erano 47. Gli allevatori stanno facendo tutto quello che \u00e8 necessario, sia per quanto riguarda la movimentazione, sia per l\u2019abbattimento, sia per quanto riguarda i vaccini. E su questo aspetto, i rappresentanti delle associazioni di categoria hanno chiesto di prevedere nel provvedimento anche una somma per i ristori legati a eventuali danni da vaccini.<\/p>\n\n\n\n<p>Qualche perplessit\u00e0 \u00e8 stata espressa dai rappresentanti di categoria sull\u2019utilizzo del regime de minimis e hanno chiesto che i tecnici ed esperti della Regione analizzino bene gli strumenti pi\u00f9 adatti per fronteggiare l\u2019emergenza della dermatite bovina, senza per\u00f2 rischiare di creare problemi successivi agli allevatori. Importante \u00e8, per Coldiretti, Cia, Copagri e Confagricoltura, arrivare all\u2019approvazione di un provvedimento luned\u00ec e dare agli allevatori il segnale che la politica sia unita e voglia dare risposte rapide ed efficaci. Secondo gli auditi, infatti, in quest\u2019ultimo periodo non c\u2019\u00e8 stata una comunicazione ordinata e lineare. I rappresentanti di categoria hanno anche chiesto al Consiglio regionale di vigilare sul rischio di speculazioni ai danni egli allevatori.<\/p>\n\n\n\n<p>Il presidente Comandini ha ringraziato gli intervenuti e i capigruppo e ha ribadito che l\u2019obiettivo \u00e8 arrivare luned\u00ec in Aula con un testo condiviso, tra maggioranza e minoranza, grazie anche ai contributi forniti dalle associazioni durante l\u2019incontro di oggi, e approvarlo. Il presidente ha anche ribadito che le risorse ci sono e sono state gi\u00e0 individuate, circa 25 milioni di euro, ma adesso bisogna lavorare sulla celerit\u00e0 con un lavoro che coinvolga i capigruppo e i tecnici, visto la delicatezza del tema. Comandini ha anche condiviso la necessit\u00e0, evidenziata dai rappresentanti degli allevatori, di istituire un Osservatorio permanente che sia in grado di studiare e comprendere quali possano essere le eventuali malattie che potrebbero arrivare in Sardegna. Com<\/p>\n","protected":false},"excerpt":{"rendered":"<p>Cagliari, 8 Ago 2025 \u2013 L\u2019incontro, promosso dal presidente del Consiglio Piero Comandini, tra i capigruppo e i rappresentanti di Cia, Coldiretti, Copagari e Confagricoltura,&#8230;<\/p>\n","protected":false},"author":2,"featured_media":263185,"comment_status":"closed","ping_status":"open","sticky":false,"template":"","format":"standard","meta":[],"categories":[49,52],"tags":[],"_links":{"self":[{"href":"https:\/\/www.cronacaonline.it\/index.php\/wp-json\/wp\/v2\/posts\/263184"}],"collection":[{"href":"https:\/\/www.cronacaonline.it\/index.php\/wp-json\/wp\/v2\/posts"}],"about":[{"href":"https:\/\/www.cronacaonline.it\/index.php\/wp-json\/wp\/v2\/types\/post"}],"author":[{"embeddable":true,"href":"https:\/\/www.cronacaonline.it\/index.php\/wp-json\/wp\/v2\/users\/2"}],"replies":[{"embeddable":true,"href":"https:\/\/www.cronacaonline.it\/index.php\/wp-json\/wp\/v2\/comments?post=263184"}],"version-history":[{"count":1,"href":"https:\/\/www.cronacaonline.it\/index.php\/wp-json\/wp\/v2\/posts\/263184\/revisions"}],"predecessor-version":[{"id":263186,"href":"https:\/\/www.cronacaonline.it\/index.php\/wp-json\/wp\/v2\/posts\/263184\/revisions\/263186"}],"wp:featuredmedia":[{"embeddable":true,"href":"https:\/\/www.cronacaonline.it\/index.php\/wp-json\/wp\/v2\/media\/263185"}],"wp:attachment":[{"href":"https:\/\/www.cronacaonline.it\/index.php\/wp-json\/wp\/v2\/media?parent=263184"}],"wp:term":[{"taxonomy":"category","embeddable":true,"href":"https:\/\/www.cronacaonline.it\/index.php\/wp-json\/wp\/v2\/categories?post=263184"},{"taxonomy":"post_tag","embeddable":true,"href":"https:\/\/www.cronacaonline.it\/index.php\/wp-json\/wp\/v2\/tags?post=263184"}],"curies":[{"name":"wp","href":"https:\/\/api.w.org\/{rel}","templated":true}]}}