{"id":262831,"date":"2025-07-30T05:27:30","date_gmt":"2025-07-30T03:27:30","guid":{"rendered":"https:\/\/www.cronacaonline.it\/?p=262831"},"modified":"2025-07-30T05:27:32","modified_gmt":"2025-07-30T03:27:32","slug":"cagliari-chiude-il-mercato-di-santelia-un-passo-verso-la-riorganizzazione-del-settore-commerciale","status":"publish","type":"post","link":"https:\/\/www.cronacaonline.it\/index.php\/2025\/07\/30\/cagliari-chiude-il-mercato-di-santelia-un-passo-verso-la-riorganizzazione-del-settore-commerciale\/","title":{"rendered":"Cagliari chiude il Mercato di Sant\u2019Elia: un passo verso la riorganizzazione del settore commerciale."},"content":{"rendered":"\n<p>Cagliari, 30 Lug 2025 - Il Consiglio comunale di Cagliari ha approvato, nel pomeriggio di oggi, una deliberazione che dispone la chiusura definitiva del Mercato civico di Sant\u2019Elia. Questa decisione rappresenta un passaggio fondamentale nell\u2019ambito di un\u2019attenta pianificazione strategica volta a garantire un uso efficiente delle risorse pubbliche e a tutelare gli interessi della collettivit\u00e0.<\/p>\n\n\n\n<p>L\u2019Amministrazione comunale, attraverso un\u2019analisi tecnica ed economica approfondita, ha evidenziato come la struttura del Mercato di Sant\u2019Elia sia ormai insostenibile sotto il profilo gestionale ed economico, in quanto attualmente comporta un costo complessivo per il Comune di circa 314mila euro annui, con un con un costo medio per concessionario di circa 103mila euro, in gran parte derivante dai costi di energia elettrica, pulizia dei 1.700 metri quadri di superficie coperta e dai costi di custodia, mentre i 3 operatori rimasti versano canoni concessori pari a 4.650 euro all'anno, con una copertura pari all\u20191,48 per cento del totale delle spese. Queste stime testimoniano la perdita di funzione della struttura, che non riesce pi\u00f9 a garantire un servizio pubblico efficiente e qualificato.<\/p>\n\n\n\n<p>L\u2019assessore allo Sviluppo economico e settori produttivi, Carlo Serra: \u201cPrendere decisioni di questa portata non \u00e8 mai semplice, ma \u00e8 nostro dovere agire con responsabilit\u00e0 e nel rispetto delle risorse pubbliche. La chiusura del Mercato di Sant\u2019Elia, seppur dolorosa, \u00e8 presa nel rispetto degli operatori coinvolti, con i quali \u00e8 stato mantenuto un continuo dialogo e confronto e ai quali viene garantita la possibilit\u00e0 di continuare la propria attivit\u00e0 in altri mercati. Inoltre,&nbsp;rappresenta un passo necessario per tutelare le imprese e per avviare un piano di riorganizzazione complessivo dei mercati cittadini. In questa fase, stiamo valutando soluzioni concrete e differenziate per ciascuna struttura, con l\u2019obiettivo di valorizzare le potenzialit\u00e0 di ciascun comparto e di favorire la crescita economica della citt\u00e0\u201d. Com<\/p>\n","protected":false},"excerpt":{"rendered":"<p>Cagliari, 30 Lug 2025 &#8211; Il Consiglio comunale di Cagliari ha approvato, nel pomeriggio di oggi, una deliberazione che dispone la chiusura definitiva del Mercato&#8230;<\/p>\n","protected":false},"author":2,"featured_media":262832,"comment_status":"closed","ping_status":"open","sticky":false,"template":"","format":"standard","meta":[],"categories":[49,53],"tags":[],"_links":{"self":[{"href":"https:\/\/www.cronacaonline.it\/index.php\/wp-json\/wp\/v2\/posts\/262831"}],"collection":[{"href":"https:\/\/www.cronacaonline.it\/index.php\/wp-json\/wp\/v2\/posts"}],"about":[{"href":"https:\/\/www.cronacaonline.it\/index.php\/wp-json\/wp\/v2\/types\/post"}],"author":[{"embeddable":true,"href":"https:\/\/www.cronacaonline.it\/index.php\/wp-json\/wp\/v2\/users\/2"}],"replies":[{"embeddable":true,"href":"https:\/\/www.cronacaonline.it\/index.php\/wp-json\/wp\/v2\/comments?post=262831"}],"version-history":[{"count":1,"href":"https:\/\/www.cronacaonline.it\/index.php\/wp-json\/wp\/v2\/posts\/262831\/revisions"}],"predecessor-version":[{"id":262833,"href":"https:\/\/www.cronacaonline.it\/index.php\/wp-json\/wp\/v2\/posts\/262831\/revisions\/262833"}],"wp:featuredmedia":[{"embeddable":true,"href":"https:\/\/www.cronacaonline.it\/index.php\/wp-json\/wp\/v2\/media\/262832"}],"wp:attachment":[{"href":"https:\/\/www.cronacaonline.it\/index.php\/wp-json\/wp\/v2\/media?parent=262831"}],"wp:term":[{"taxonomy":"category","embeddable":true,"href":"https:\/\/www.cronacaonline.it\/index.php\/wp-json\/wp\/v2\/categories?post=262831"},{"taxonomy":"post_tag","embeddable":true,"href":"https:\/\/www.cronacaonline.it\/index.php\/wp-json\/wp\/v2\/tags?post=262831"}],"curies":[{"name":"wp","href":"https:\/\/api.w.org\/{rel}","templated":true}]}}