{"id":262757,"date":"2025-07-28T16:41:44","date_gmt":"2025-07-28T14:41:44","guid":{"rendered":"https:\/\/www.cronacaonline.it\/?p=262757"},"modified":"2025-07-28T16:41:47","modified_gmt":"2025-07-28T14:41:47","slug":"scelta-e-revoca-del-medico-di-famiglia-si-puo-fare-tutto-on-line-con-la-nuova-funzionalita-del-portale-zenteweb","status":"publish","type":"post","link":"https:\/\/www.cronacaonline.it\/index.php\/2025\/07\/28\/scelta-e-revoca-del-medico-di-famiglia-si-puo-fare-tutto-on-line-con-la-nuova-funzionalita-del-portale-zenteweb\/","title":{"rendered":"Scelta e revoca del medico di famiglia, si pu\u00f2 fare tutto on line con la nuova funzionalit\u00e0 del portale Zenteweb."},"content":{"rendered":"\n<p>Cagliari, 28 Lug 2025 - Da oggi sul sistema regionale ZenteWeb \u00e8 presente una nuova funzionalit\u00e0 che consentir\u00e0 di scegliere o revocare il medico di famiglia in modalit\u00e0 digitale,\u00a0senza la necessit\u00e0 di recarsi agli sportelli delle Asl.<\/p>\n\n\n\n<p>Implementata da<a href=\"http:\/\/sardegna.it\/\" target=\"_blank\" rel=\"noreferrer noopener\">&nbsp;Sardegna.It<\/a>, la nuova funzionalit\u00e0 permetter\u00e0 ai cittadini di gestire in modo pi\u00f9 semplice e autonomo la scelta del medico di medicina generale e del pediatra di libera scelta tramite i servizi online e senza l\u2019obbligo di effettuare contemporaneamente entrambe le operazioni (scelta e revoca).<\/p>\n\n\n\n<p>In particolare: Il cittadino potr\u00e0 revocare il medico senza doverne contestualmente scegliere uno nuovo, o viceversa effettuare una nuova scelta senza una precedente revoca automatica.<\/p>\n\n\n\n<p>Anche i cittadini che attualmente non hanno un medico assegnato potranno effettuare la scelta online.&nbsp;<\/p>\n\n\n\n<p>Per poter usufruire del servizio on line, sar\u00e0 sufficiente avere la Tessera Sanitaria (TS-Cns) con il microchip attivato o i codici Spid o la Cie (carta di identit\u00e0 elettronica).&nbsp;<\/p>\n\n\n\n<p>Il servizio sar\u00e0 disponibile per tutti i cittadini correttamente iscritti negli elenchi degli assistibili della Regione Sardegna.&nbsp;Unica eccezione saranno i non iscritti all\u2019anagrafe sanitaria regionale, come le persone provenienti da altre regioni o stati, che quindi potranno effettuare la scelta esclusivamente agli sportelli scelta e revoca della Asl di residenza.&nbsp;<\/p>\n\n\n\n<p>Come accedere:<\/p>\n\n\n\n<p>Per utilizzare la nuova funzionalit\u00e0 \u00e8 sufficiente:<\/p>\n\n\n\n<p>1.&nbsp;&nbsp;&nbsp;&nbsp;&nbsp;&nbsp;Collegarsi al portale&nbsp;<a href=\"https:\/\/urlsand.esvalabs.com\/?u=https%3A%2F%2Fzente.sardegnasalute.it&amp;e=6df20d48&amp;h=5f98fd57&amp;f=y&amp;p=y\" target=\"_blank\" rel=\"noreferrer noopener\">Zente Web<\/a><\/p>\n\n\n\n<p>2.&nbsp;&nbsp;&nbsp;&nbsp;&nbsp;&nbsp;Accedere con le proprie credenziali&nbsp;Spid, Carta d\u2019Identit\u00e0 Elettronica (Cie) o Carta Nazionale dei Servizi (Cns)<\/p>\n\n\n\n<p>3.&nbsp;&nbsp;&nbsp;&nbsp;&nbsp;&nbsp;Seguire le istruzioni presenti nella sezione dedicata alla scelta\/revoca del medico.&nbsp;<\/p>\n\n\n\n<p>Sardegna IT&nbsp;monitorer\u00e0 con attenzione la fase di rilascio e garantir\u00e0 assistenza agli utenti per eventuali chiarimenti o difficolt\u00e0 nell\u2019utilizzo del servizio.<\/p>\n\n\n\n<p>Con questo aggiornamento, la Regione Autonoma della Sardegna compie un ulteriore passo verso la digitalizzazione dei servizi sanitari, mettendo al centro le esigenze dei cittadini e rendendo pi\u00f9 immediato l\u2019accesso alle prestazioni fondamentali di assistenza primaria. Com<\/p>\n","protected":false},"excerpt":{"rendered":"<p>Cagliari, 28 Lug 2025 &#8211; Da oggi sul sistema regionale ZenteWeb \u00e8 presente una nuova funzionalit\u00e0 che consentir\u00e0 di scegliere o revocare il medico di&#8230;<\/p>\n","protected":false},"author":2,"featured_media":176999,"comment_status":"closed","ping_status":"open","sticky":false,"template":"","format":"standard","meta":[],"categories":[49,53],"tags":[],"_links":{"self":[{"href":"https:\/\/www.cronacaonline.it\/index.php\/wp-json\/wp\/v2\/posts\/262757"}],"collection":[{"href":"https:\/\/www.cronacaonline.it\/index.php\/wp-json\/wp\/v2\/posts"}],"about":[{"href":"https:\/\/www.cronacaonline.it\/index.php\/wp-json\/wp\/v2\/types\/post"}],"author":[{"embeddable":true,"href":"https:\/\/www.cronacaonline.it\/index.php\/wp-json\/wp\/v2\/users\/2"}],"replies":[{"embeddable":true,"href":"https:\/\/www.cronacaonline.it\/index.php\/wp-json\/wp\/v2\/comments?post=262757"}],"version-history":[{"count":1,"href":"https:\/\/www.cronacaonline.it\/index.php\/wp-json\/wp\/v2\/posts\/262757\/revisions"}],"predecessor-version":[{"id":262758,"href":"https:\/\/www.cronacaonline.it\/index.php\/wp-json\/wp\/v2\/posts\/262757\/revisions\/262758"}],"wp:featuredmedia":[{"embeddable":true,"href":"https:\/\/www.cronacaonline.it\/index.php\/wp-json\/wp\/v2\/media\/176999"}],"wp:attachment":[{"href":"https:\/\/www.cronacaonline.it\/index.php\/wp-json\/wp\/v2\/media?parent=262757"}],"wp:term":[{"taxonomy":"category","embeddable":true,"href":"https:\/\/www.cronacaonline.it\/index.php\/wp-json\/wp\/v2\/categories?post=262757"},{"taxonomy":"post_tag","embeddable":true,"href":"https:\/\/www.cronacaonline.it\/index.php\/wp-json\/wp\/v2\/tags?post=262757"}],"curies":[{"name":"wp","href":"https:\/\/api.w.org\/{rel}","templated":true}]}}