{"id":262727,"date":"2025-07-28T05:28:56","date_gmt":"2025-07-28T03:28:56","guid":{"rendered":"https:\/\/www.cronacaonline.it\/?p=262727"},"modified":"2025-07-28T05:28:57","modified_gmt":"2025-07-28T03:28:57","slug":"intesa-usa-ue-dazi-al-15-e-acciaio-al-50-lue-investira-600-miliardi-comprera-armi-ed-energia-i-farmaci-esclusi-dallintesa-von-der-leyen-negoziato-duro-ma-e-un-risultato-positivo","status":"publish","type":"post","link":"https:\/\/www.cronacaonline.it\/index.php\/2025\/07\/28\/intesa-usa-ue-dazi-al-15-e-acciaio-al-50-lue-investira-600-miliardi-comprera-armi-ed-energia-i-farmaci-esclusi-dallintesa-von-der-leyen-negoziato-duro-ma-e-un-risultato-positivo\/","title":{"rendered":"Intesa Usa-Ue, dazi al 15% e acciaio al 50%. L&#8217;Ue investir\u00e0 600 miliardi, comprer\u00e0 armi ed energia. I farmaci esclusi dall&#8217;intesa. Von der Leyen: &#8220;Negoziato duro ma \u00e8 un risultato positivo&#8221;."},"content":{"rendered":"\n<p>Scozia, 28 Lug 2025 - \"Abbiamo raggiunto un risultato soddisfacente per entrambe le parti, \u00e8 un accordo molto potente ed \u00e8 il pi\u00f9 grande di tutti\". Lo ha detto Donald Trump dopo aver annunciato l'accordo con l'Ue sui dazi.<\/p>\n\n\n\n<p>\"Accolgo con favore l'accordo tra Ursula von der Leyen e Donald Trump nei negoziati tra l'Unione europea e gli Stati Uniti. \u00c8 positivo che l'Europa e gli Stati Uniti abbiano raggiunto un accordo ed evitino cos\u00ec un'inutile escalation delle relazioni commerciali transatlantiche\". Lo ha affermato ieri subito dopo la notizie dell\u2019accordo, il cancelliere tedesco Friedrich Merz commenta l'accordo raggiunto dalla presidente della Commissione Ursula von der Leyen e dal presidente Donald Trump nei negoziati Ue-Usa. Per Merz, \"l'unit\u00e0 dell'Unione europea e il duro lavoro dei negoziatori hanno dato i loro frutti. Desidero pertanto esprimere i miei ringraziamenti speciali a Ursula von der Leyen e al commissario per il Commercio Maro\u0161 \u0160efcovic e ai loro team per gli instancabili sforzi profusi nelle ultime settimane\".<\/p>\n\n\n\n<p>\"Ci siamo stabilizzati su un'unica aliquota tariffaria del 15% per la stragrande maggioranza delle esportazioni dell'Ue. Questa aliquota si applica alla maggior parte dei settori, inclusi automobili, semiconduttori e prodotti farmaceutici. Questo 15% rappresenta un limite massimo, quindi niente cumuli, tutto compreso. Quindi, fornisce la chiarezza di cui i nostri cittadini e le nostre imprese hanno tanto bisogno, e questo e' assolutamente cruciale\". Lo ha affermato la presidente della Commissione europea, Ursula von der Leyen, in una dichiarazione stampa al termine dell'incontro con il presidente americano, Donald Trump.&nbsp;<\/p>\n\n\n\n<p>Il cancelliere evidenzia che \"l'accordo \u00e8 riuscito a scongiurare un conflitto commerciale che avrebbe colpito duramente l'economia tedesca orientata all'esportazione. Ci\u00f2 \u00e8 particolarmente vero per l'industria automobilistica, dove le tariffe attuali saranno quasi dimezzate dal 27,5% al 15%. \u00c8 proprio qui che la rapida riduzione delle tariffe \u00e8 della massima importanza\".<\/p>\n\n\n\n<p>Merz sottolinea che \"in questo modo, siamo stati in grado di salvaguardare i nostri interessi fondamentali, anche se certamente avrei voluto vedere un'ulteriore facilitazione nel commercio transatlantico\". In ogni casa, \"tutti beneficiano di relazioni commerciali stabili e prevedibili con accesso al mercato per entrambe le parti, su entrambe le sponde dell'Atlantico, imprese e consumatori\".<\/p>\n\n\n\n<p>Assicura poi sostegno alla Commissione \"nei prossimi negoziati sui dettagli dell'accordo\": \"Dobbiamo continuare a lavorare per rafforzare le nostre relazioni commerciali con gli Stati Uniti\".<br>\"La Germania e l'Unione Europea sono per un commercio mondiale libero ed equo. Continuer\u00f2 quindi a sostenere la riduzione delle tariffe e l'eliminazione delle barriere commerciali. Questo vale anche per i negoziati su ulteriori accordi di libero scambio con i nostri partner nel mondo e, soprattutto, per la conclusione dell'accordo con i paesi del Mercosur in Sud America\", conclude.<\/p>\n\n\n\n<p>L'acquisto di energia Usa per 750 miliardi di dollari \"\u00e8 suddiviso in tre anni, quindi durante il mandato\" di Trump, \"250 all'anno. Abbiamo ancora troppo GNL russo che arriva dalla porta di retro in Ue che non vogliamo pi\u00f9. Vogliamo assolutamente sbarazzarci dei combustibili fossili russi. E quindi, \u00e8 molto positivo per noi acquistare GNL dagli Stati Uniti, pi\u00f9 economico e di migliore qualit\u00e0. E approssimativamente, stimiamo di poterne acquistare 250 miliardi all'anno in tre anni\". Lo ha detto la presidente della Commissione Ue Ursula von der Leyen incontrando i giornalisti prima di ripartire dalla Scozia.&nbsp;<\/p>\n\n\n\n<p>Oggi, il commissario Ue al Commercio, Maros Sefcovic, a quanto si apprende, riferir\u00e0 ai 27 Rappresentanti Permanenti dell'Ue - nella riunione del Coreper II - &nbsp;in merito all'accordo raggiunto sui dazi in Scozia.<\/p>\n\n\n\n<p>L'Irlanda \u00e8 il Paese Ue pi\u00f9 esposto ai dazi americani, seguita da Italia, Germania e Francia. Lo rivela uno studio dell\u2019esperto Bruegel, che ha stimato l'impatto di tariffe tra il 15 e il 30% nei Ventisette in relazione ai posti di lavoro legati all'export oltreoceano.<br>In Irlanda, il 13% dell'occupazione \u00e8 legato a settori vulnerabili come chimica, agroalimentare e riparazioni, un dato che sale ulteriormente includendo i farmaci. L'Italia segue con un'esposizione all'11%, trainata da auto, moda e farmaceutica. Germania e Francia si attestano attorno al 9%, con pesi diversi tra automotive, beni industriali e lusso.<\/p>\n\n\n\n<p>\"Alla fine la lunga partita dei dazi \u00e8 giunta a conclusione. E come in ogni duello c'\u00e8 un vincitore - il presidente americano Trump - e uno sconfitto, anzi due: l'Unione europea e Giorgia Meloni\". Lo scrive sui social il&nbsp;leader M5S, Giuseppe Conte. \"La nostra patriota della domenica in questi mesi ha vaticinato che sarebbe stata un 'ponte con gli Stati Uniti' e che la partita per il nostro Paese sarebbe finita zero a zero. La realt\u00e0 dei fatti \u00e8 un pugno nello stomaco che ci restituisce una sconfitta su tutta la linea. A partire dalla Caporetto per la nostra economia: per Confindustria i dazi al 15% significherebbero 23 miliardi di export in meno e una previsione - destinata ad aumentare - di oltre 100mila posti di lavoro a rischio\", aggiunge Conte, secondo cui \"Giorgia Meloni si conferma non all'altezza, tanto quanto Ursula von der Leyen\". E conclude: \"\u00c8 un momento grave e allarmante per tutti i cittadini europei. Lo \u00e8 particolarmente per l'Italia, governata da una classe politica senza spina dorsale che si sciacqua la bocca con la parola patriottismo, salvo poi chinare ogni volta la testa davanti al potente di turno\".&nbsp;<\/p>\n\n\n\n<p>\"I dazi al 15% sono meglio del 30% ma peggio di zero. Ma soprattutto Von der Leyen ha ceduto a Trump e dunque non va bene. Anche perch\u00e9 i dazi costeranno decine di miliardi di euro al nostro paese. Intanto oggi abbiamo la conferma che la vantata amicizia di Meloni con Trump non \u00e8 servita a evitarli\". Lo ha detto l'europarlamentare&nbsp;Stefano Bonaccini (Pd)&nbsp;intervenendo alla Festa de L'Unit\u00e0 di Aquileia (Udine). \"Bisogna diversificare i mercati, aprire nuove possibilit\u00e0 per prodotti che sono molto apprezzati - ha detto Bonaccini precisando che \"era giusto approvare l'accordo commerciale con il Canada\" e ha auspicato la firma dell'accordo Mercosur indicando che \"le preoccupazioni su alcune tipologie merceologiche devono essere affrontate ma quel mercato ci serve\". \"Bene ha fatto Von der Leyen ad andare in India, auspicando di aprire anche quel mercato\", ha chiuso l'europarlamentare dem.<\/p>\n\n\n\n<p>\"L\u2019accordo (si fa per dire) sui dazi \u00e8 una fregatura per l\u2019Europa. Von der Leyen o \u00e8 incapace o \u00e8 in malafede. Lo scopriremo presto. Il ponte Meloni non sembra aver funzionato un granch\u00e9\". Lo scrive sui social l'ex ministro del Lavoro e responsabile Politiche industriali&nbsp;Pd, Andrea Orlando.<\/p>\n","protected":false},"excerpt":{"rendered":"<p>Scozia, 28 Lug 2025 &#8211; &#8220;Abbiamo raggiunto un risultato soddisfacente per entrambe le parti, \u00e8 un accordo molto potente ed \u00e8 il pi\u00f9 grande di&#8230;<\/p>\n","protected":false},"author":2,"featured_media":262723,"comment_status":"closed","ping_status":"open","sticky":false,"template":"","format":"standard","meta":[],"categories":[49,50],"tags":[],"_links":{"self":[{"href":"https:\/\/www.cronacaonline.it\/index.php\/wp-json\/wp\/v2\/posts\/262727"}],"collection":[{"href":"https:\/\/www.cronacaonline.it\/index.php\/wp-json\/wp\/v2\/posts"}],"about":[{"href":"https:\/\/www.cronacaonline.it\/index.php\/wp-json\/wp\/v2\/types\/post"}],"author":[{"embeddable":true,"href":"https:\/\/www.cronacaonline.it\/index.php\/wp-json\/wp\/v2\/users\/2"}],"replies":[{"embeddable":true,"href":"https:\/\/www.cronacaonline.it\/index.php\/wp-json\/wp\/v2\/comments?post=262727"}],"version-history":[{"count":1,"href":"https:\/\/www.cronacaonline.it\/index.php\/wp-json\/wp\/v2\/posts\/262727\/revisions"}],"predecessor-version":[{"id":262728,"href":"https:\/\/www.cronacaonline.it\/index.php\/wp-json\/wp\/v2\/posts\/262727\/revisions\/262728"}],"wp:featuredmedia":[{"embeddable":true,"href":"https:\/\/www.cronacaonline.it\/index.php\/wp-json\/wp\/v2\/media\/262723"}],"wp:attachment":[{"href":"https:\/\/www.cronacaonline.it\/index.php\/wp-json\/wp\/v2\/media?parent=262727"}],"wp:term":[{"taxonomy":"category","embeddable":true,"href":"https:\/\/www.cronacaonline.it\/index.php\/wp-json\/wp\/v2\/categories?post=262727"},{"taxonomy":"post_tag","embeddable":true,"href":"https:\/\/www.cronacaonline.it\/index.php\/wp-json\/wp\/v2\/tags?post=262727"}],"curies":[{"name":"wp","href":"https:\/\/api.w.org\/{rel}","templated":true}]}}