{"id":262722,"date":"2025-07-27T19:48:20","date_gmt":"2025-07-27T17:48:20","guid":{"rendered":"https:\/\/www.cronacaonline.it\/?p=262722"},"modified":"2025-07-27T19:48:22","modified_gmt":"2025-07-27T17:48:22","slug":"raggiunto-laccordo-tra-ue-e-usa-trump-sul-15-il-piu-grande-mai-raggiunto","status":"publish","type":"post","link":"https:\/\/www.cronacaonline.it\/index.php\/2025\/07\/27\/raggiunto-laccordo-tra-ue-e-usa-trump-sul-15-il-piu-grande-mai-raggiunto\/","title":{"rendered":"Raggiunto l&#8217;accordo tra Ue e Usa, Trump: &#8220;Sul 15%, il pi\u00f9 grande mai raggiunto&#8221;."},"content":{"rendered":"\n<p>Scozia, 27 Lug 2025 \u2013 La presidente della Commissione europea, Ursula von der Leyen, e il presidente americano, Donald Trump, hanno raggiunto l'accordo commerciale Ue-Usa. Lo si apprende da fonti Ue.<\/p>\n\n\n\n<p>L\u2019accordo tra Usa e Ue prevede il 15% dei dazi sui prodotti europei. Lo ha dichiarato il presidente americano, Donald Trump, secondo cui si tratta \"della pi\u00f9 grande intesa mai raggiunta\". L'accordo prevede - sempre secondo il presidente americano - anche l'acquisto di armi americane da parte degli europei.<\/p>\n\n\n\n<p>Il settore farmaceutico non sar\u00e0 parte dell'eventuale accordo odierno tra Stati Uniti e Unione europea. Lo ha dichiarato il presidente americano, Donald Trump, nel suo incontro con la presidente della Commissione europea, Ursula von der Leyen, in Scozia. \"Fondamentalmente i prodotti farmaceutici non ne faranno parte, perch\u00e9 dobbiamo farli costruire, produrre negli Stati Uniti, e vogliamo che siano prodotti negli Stati Uniti. E penso che sia facile dirlo, e penso sia importante dirlo, i prodotti farmaceutici sono molto speciali. Non possiamo trovarci in una posizione in cui dobbiamo dipendere da altri Paesi\", ha affermato Trump.<\/p>\n\n\n\n<p>\"Per quanto riguarda acciaio e alluminio non cambier\u00e0 nulla, \u00e8 una questione che non sar\u00e0 modificata\". Lo ha detto Donald Trump dopo l'incontro con Ursula von der Leyen in Scozia.<\/p>\n","protected":false},"excerpt":{"rendered":"<p>Scozia, 27 Lug 2025 \u2013 La presidente della Commissione europea, Ursula von der Leyen, e il presidente americano, Donald Trump, hanno raggiunto l&#8217;accordo commerciale Ue-Usa.&#8230;<\/p>\n","protected":false},"author":2,"featured_media":262723,"comment_status":"closed","ping_status":"open","sticky":false,"template":"","format":"standard","meta":[],"categories":[49,50],"tags":[],"_links":{"self":[{"href":"https:\/\/www.cronacaonline.it\/index.php\/wp-json\/wp\/v2\/posts\/262722"}],"collection":[{"href":"https:\/\/www.cronacaonline.it\/index.php\/wp-json\/wp\/v2\/posts"}],"about":[{"href":"https:\/\/www.cronacaonline.it\/index.php\/wp-json\/wp\/v2\/types\/post"}],"author":[{"embeddable":true,"href":"https:\/\/www.cronacaonline.it\/index.php\/wp-json\/wp\/v2\/users\/2"}],"replies":[{"embeddable":true,"href":"https:\/\/www.cronacaonline.it\/index.php\/wp-json\/wp\/v2\/comments?post=262722"}],"version-history":[{"count":1,"href":"https:\/\/www.cronacaonline.it\/index.php\/wp-json\/wp\/v2\/posts\/262722\/revisions"}],"predecessor-version":[{"id":262724,"href":"https:\/\/www.cronacaonline.it\/index.php\/wp-json\/wp\/v2\/posts\/262722\/revisions\/262724"}],"wp:featuredmedia":[{"embeddable":true,"href":"https:\/\/www.cronacaonline.it\/index.php\/wp-json\/wp\/v2\/media\/262723"}],"wp:attachment":[{"href":"https:\/\/www.cronacaonline.it\/index.php\/wp-json\/wp\/v2\/media?parent=262722"}],"wp:term":[{"taxonomy":"category","embeddable":true,"href":"https:\/\/www.cronacaonline.it\/index.php\/wp-json\/wp\/v2\/categories?post=262722"},{"taxonomy":"post_tag","embeddable":true,"href":"https:\/\/www.cronacaonline.it\/index.php\/wp-json\/wp\/v2\/tags?post=262722"}],"curies":[{"name":"wp","href":"https:\/\/api.w.org\/{rel}","templated":true}]}}