{"id":262692,"date":"2025-07-26T10:36:23","date_gmt":"2025-07-26T08:36:23","guid":{"rendered":"https:\/\/www.cronacaonline.it\/?p=262692"},"modified":"2025-07-26T10:36:24","modified_gmt":"2025-07-26T08:36:24","slug":"estate-di-innovazione-tecnologica-in-sardegna-prosegue-lammodernamento-delle-grandi-apparecchiature-sanitarie-nelle-aziende-sanitarie-con-i-finanziamenti-pnrr","status":"publish","type":"post","link":"https:\/\/www.cronacaonline.it\/index.php\/2025\/07\/26\/estate-di-innovazione-tecnologica-in-sardegna-prosegue-lammodernamento-delle-grandi-apparecchiature-sanitarie-nelle-aziende-sanitarie-con-i-finanziamenti-pnrr\/","title":{"rendered":"Estate di innovazione tecnologica in Sardegna: prosegue l&#8217;ammodernamento delle grandi apparecchiature sanitarie nelle Aziende Sanitarie con i finanziamenti PNRR\u00a0\u202f\u00a0"},"content":{"rendered":"\n<p>Cagliari, 26 Lug 205 - Prosegue in Sardegna il piano di ammodernamento delle grandi apparecchiature sanitarie curato da\u00a0Ares Sardegna\u00a0attraverso il\u00a0Dipartimento di Sanit\u00e0 Digitale e Innovazione Tecnologica\u00a0per le Aziende Sanitarie della Regione.\u00a0\u00a0<\/p>\n\n\n\n<p>Per quanto riguarda le Aziende Sanitarie Locali, il progetto, finanziato dal&nbsp;PNRR&nbsp;\u2013 Missione 6 Salute, Componente 2, Investimento 1.1 \"Ammodernamento del parco tecnologico e digitale ospedaliero\", Sub-intervento 1.1.2 \"Grandi Apparecchiature\", ha raggiunto al 30 giugno 2025 il rinnovo di\u202f59 apparecchiature di diagnostica per immagini, superando l'obiettivo previsto di 57 attrezzature.&nbsp;<\/p>\n\n\n\n<p>Le 59 sostituzioni Pnrr effettuate entro giugno includono:&nbsp;24 ecografi, 7 risonanze magnetiche, 20 apparecchiature radiologiche di varia tipologia e 8 TAC a cui se ne sommano ulteriori 7 acquisite con altri fondi regionali.&nbsp;&nbsp;<\/p>\n\n\n\n<p>Nel mese di luglio \u00e8 entrato in funzione un ulteriore nuovo\u202fsistema radiologico\u202fpresso il Presidio Ospedaliero San Marcellino di&nbsp;Muravera, mentre \u00e8 in fase di completamento l'installazione della nuova\u202fTAC 128 strati\u202fpresso il Presidio San Giuseppe di&nbsp;Isili. Inoltre, sempre a luglio, sono state consegnate\u202f2 risonanze magnetiche\u202fper potenziare la diagnostica strumentale nei&nbsp;presidi ospedalieri di&nbsp;Alghero&nbsp;e&nbsp;Oristano.&nbsp;&nbsp;<\/p>\n\n\n\n<p>Davide Angius, responsabile del&nbsp;Servizio Gestione e Sicurezza delle Tecnologie Biomediche di ARES Sardegna, che sta coordinando le attivit\u00e0 di consegna e installazione delle risonanze, ha spiegato: \u00abSiamo in fase di completamento di un ulteriore progetto legato all'operativit\u00e0 di un secondo\u202facceleratore lineare per radioterapia\u202fa&nbsp;Nuoro. L'apparecchiatura \u00e8 gi\u00e0 stata installata ed \u00e8 attualmente sottoposta a verifica, calibrazione e caratterizzazione da parte del personale della Fisica Sanitaria della ASL di Nuoro, per garantirne la piena sicurezza ed efficienza clinica\u00bb.&nbsp;<\/p>\n\n\n\n<p>In parallelo, sono stati avviati i cantieri per l'installazione della\u202fseconda TAC\u202fe di un\u202fmammografo\u202fnel P.O. Civile di&nbsp;Alghero. Un\u202fnuovo mammografo \u00e8 in arrivo anche all'ospedale di Tempio.\u202fNel&nbsp;Medio Campidano sono in arrivo\u202f2 nuove apparecchiature radiologiche\u202fal P.O. di&nbsp;San Gavino, tra cui un avanzato sistema per\u202fortopantomografia 3D.\u202f&nbsp;<\/p>\n\n\n\n<p>\u00abRispetto ai dispositivi bi-dimensionali tradizionalmente in uso&nbsp;- sottolinea Barbara Podda, direttrice del&nbsp;Servizio di Governo delle Tecnologie Sanitarie&nbsp;di ARES Sardegna -&nbsp;questi sistemi consentono diagnosi pi\u00f9 precise e una visualizzazione tridimensionale completa delle strutture dentali e ossee\u00bb.\u202f&nbsp;<\/p>\n\n\n\n<p>Sono inoltre in fase di adeguamento i locali destinati ad accogliere ulteriori\u202f6 sistemi di ortopantomografia 3D\u202fche verranno installati nei prossimi mesi nei presidi di&nbsp;Ozieri, Macomer, Oristano, Ghilarza, Carbonia e Cagliari&nbsp;sempre a valere sui fondi Pnrr.&nbsp;<\/p>\n\n\n\n<p>Le attivit\u00e0 realizzate e quelle attualmente in corso sono il risultato di un lavoro sinergico e coordinato tra il Servizio Governo delle Tecnologie Sanitarie di Ares Sardegna e i servizi tecnici e di fisica sanitaria delle Aziende Sanitarie Locali\"\u2013&nbsp;sottolinea il&nbsp;Direttore Generale di Ares Giuseppe Pintor&nbsp;\u2013 \"perch\u00e9 uno degli obiettivi strategici della nostra azienda \u00e8 promuovere, attraverso la collaborazione con tutte le Aziende Sanitarie, i progetti di innovazione del Dipartimento di Sanit\u00e0 Digitale e Innovazione Tecnologica, in una prospettiva integrata su scala regionale, capace di generare crescita e sviluppo per tutti i territori\".&nbsp;Com<\/p>\n","protected":false},"excerpt":{"rendered":"<p>Cagliari, 26 Lug 205 &#8211; Prosegue in Sardegna il piano di ammodernamento delle grandi apparecchiature sanitarie curato da\u00a0Ares Sardegna\u00a0attraverso il\u00a0Dipartimento di Sanit\u00e0 Digitale e Innovazione&#8230;<\/p>\n","protected":false},"author":2,"featured_media":262693,"comment_status":"closed","ping_status":"open","sticky":false,"template":"","format":"standard","meta":[],"categories":[49,53],"tags":[],"_links":{"self":[{"href":"https:\/\/www.cronacaonline.it\/index.php\/wp-json\/wp\/v2\/posts\/262692"}],"collection":[{"href":"https:\/\/www.cronacaonline.it\/index.php\/wp-json\/wp\/v2\/posts"}],"about":[{"href":"https:\/\/www.cronacaonline.it\/index.php\/wp-json\/wp\/v2\/types\/post"}],"author":[{"embeddable":true,"href":"https:\/\/www.cronacaonline.it\/index.php\/wp-json\/wp\/v2\/users\/2"}],"replies":[{"embeddable":true,"href":"https:\/\/www.cronacaonline.it\/index.php\/wp-json\/wp\/v2\/comments?post=262692"}],"version-history":[{"count":1,"href":"https:\/\/www.cronacaonline.it\/index.php\/wp-json\/wp\/v2\/posts\/262692\/revisions"}],"predecessor-version":[{"id":262694,"href":"https:\/\/www.cronacaonline.it\/index.php\/wp-json\/wp\/v2\/posts\/262692\/revisions\/262694"}],"wp:featuredmedia":[{"embeddable":true,"href":"https:\/\/www.cronacaonline.it\/index.php\/wp-json\/wp\/v2\/media\/262693"}],"wp:attachment":[{"href":"https:\/\/www.cronacaonline.it\/index.php\/wp-json\/wp\/v2\/media?parent=262692"}],"wp:term":[{"taxonomy":"category","embeddable":true,"href":"https:\/\/www.cronacaonline.it\/index.php\/wp-json\/wp\/v2\/categories?post=262692"},{"taxonomy":"post_tag","embeddable":true,"href":"https:\/\/www.cronacaonline.it\/index.php\/wp-json\/wp\/v2\/tags?post=262692"}],"curies":[{"name":"wp","href":"https:\/\/api.w.org\/{rel}","templated":true}]}}