{"id":262659,"date":"2025-07-25T15:37:44","date_gmt":"2025-07-25T13:37:44","guid":{"rendered":"https:\/\/www.cronacaonline.it\/?p=262659"},"modified":"2025-07-25T15:37:45","modified_gmt":"2025-07-25T13:37:45","slug":"rafforzata-la-rete-questa-mattina-presso-i-palazzo-del-governo-di-cagliari-per-la-tutela-delleconomia-legale","status":"publish","type":"post","link":"https:\/\/www.cronacaonline.it\/index.php\/2025\/07\/25\/rafforzata-la-rete-questa-mattina-presso-i-palazzo-del-governo-di-cagliari-per-la-tutela-delleconomia-legale\/","title":{"rendered":"Rafforzata la rete questa mattina presso i Palazzo del Governo di Cagliari per la tutela dell\u2019economia legale."},"content":{"rendered":"\n<p>Cagliari, 25 Lug 2025 - Questa mattina, presso il Palazzo del Governo in Cagliari, si \u00e8 proceduto alla sottoscrizione di un \u201cProtocollo di intesa e collaborazione finalizzato a rafforzare l\u2019azione amministrativa di prevenzione e contrasto ai tentativi di infiltrazione della criminalit\u00e0 organizzata nel settore turistico-alberghiero e della ristorazione\u201d tra la Prefettura di Cagliari e quattro Comuni del territorio.<\/p>\n\n\n\n<p>Gli Accordi sono stati siglati \u2013 uno per ogni singolo Ente Locale \u2013 dal Prefetto Giuseppe Castaldo, con il Sindaco del Comune di Cagliari Massimo Zedda, il Sindaco del Comune di Quartu Sant\u2019Elena Graziano Ernesto Milia, il Sindaco del Comune di Pula Walter Cabasino e il Sindaco del Comune di Villasimius Gianluca Dess\u00ec.<\/p>\n\n\n\n<p>Presenti all\u2019incontro, inoltre, il Questore di Cagliari Rosanna Lavezzaro, il Comandante Provinciale dei Carabinieri Luigi Grasso, il Comandante Provinciale della Guardia di Finanza Alfredo Falchetti e il Capo Sezione della D.I.A. di Cagliari Adriano Barbieri.<\/p>\n\n\n\n<p>L'iniziativa definisce un modello di collaborazione per rafforzare l\u2019azione amministrativa di prevenzione e contrasto di eventuali fenomeni di riciclaggio, usura, estorsione e, pi\u00f9 in generale, dei tentativi di infiltrazione della criminalit\u00e0 organizzata nell\u2019economia del territorio, in particolare nel campo turistico-alberghiero e della ristorazione, e si aggiunge alle iniziative - gi\u00e0 promosse ed attuate dalla Prefettura e dalle Forze di Polizia -&nbsp; tese a potenziare l\u2019economia legale.<\/p>\n\n\n\n<p>In quest'ottica, l'intesa prevede un sistema di controlli sviluppato sulla base degli indicatori di rischio economico-finanziari, gestionali e societari, operativi, legali e giudiziari, nonch\u00e9 quelli nei rapporti commerciali, consentendo di coniugare accuratezza e tempestivit\u00e0 delle verifiche.<\/p>\n\n\n\n<p>Tra gli elementi maggiormente rilevanti dell\u2019iniziativa, l\u2019istituzione in Prefettura di un&nbsp;Osservatorio provinciale&nbsp;che avr\u00e0 il compito di analizzare i dati ritenuti utili per le attivit\u00e0 di verifica, nonch\u00e9 promuovere iniziative di formazione, aggiornamento professionale e incontri di sensibilizzazione sull'importanza della prevenzione amministrativa antimafia per l'economia legale e lo sviluppo del territorio.<\/p>\n\n\n\n<p>Sempre nell\u2019ottica di implementare il livello di efficacia dell'azione di prevenzione amministrativa, il Documento pattizio impegna i Comuni sottoscrittori a richiedere la certificazione antimafia per le attivit\u00e0 soggette ad autorizzazione ed avviate tramite segnalazione certificata di inizio attivit\u00e0 (Scia), selezionate, appunto,&nbsp;sulla base degli indicatori individuati dall\u2019Osservatorio provinciale,&nbsp;con un&nbsp;focus&nbsp;specifico su nuove aperture, subingressi e variazioni societarie.<\/p>\n\n\n\n<p>Alla Prefettura, invece, il compito istituzionale di disporre approfondimenti e verifiche, attraverso il prezioso supporto del Gruppo Interforze Antimafia. Inoltre il Protocollo prevende, la costituzione di una \u201cCabina di regia\u201d che, oltre ad avere compiti di impulso e coordinamento delle iniziative programmate, dovr\u00e0 relazionare al Gabinetto del Ministro dell\u2019Interno, con cadenza semestrale, sullo stato di attuazione del Protocollo d\u2019Intesa.&nbsp;<\/p>\n\n\n\n<p>\u201c\u00c8 un protocollo frutto di un percorso di condivisione con le amministrazioni comunali coinvolte che ringrazio per la disponibilit\u00e0 e la collaborazione prestate \u2013 ha dichiarato il Prefetto Castaldo \u2013 e che si inserisce nel solco tracciato dalle pi\u00f9 recenti direttive ministeriali, prevedendo un sistema rafforzato di impegni collaborativi tra tutti gli attori coinvolti. Il modello convenzionale consentir\u00e0, attraverso una attenta e accurata valutazione di tutti i possibili indicatori di rischio, di anticipare i fenomeni negativi e i tentativi di inquinamento del tessuto economico.<\/p>\n\n\n\n<p>Allo stato attuale, l\u2019Accordo \u00e8 stato siglato con i Comuni di Cagliari, Quartu Sant\u2019Elena, Pula e Villasimius, tutti territori in cui insistono numerose attivit\u00e0 turistico-alberghiere e della ristorazione, ma sar\u00e0 riproposto anche in altre realt\u00e0 della provincia con forte vocazione turistica\u201d. Com<\/p>\n","protected":false},"excerpt":{"rendered":"<p>Cagliari, 25 Lug 2025 &#8211; Questa mattina, presso il Palazzo del Governo in Cagliari, si \u00e8 proceduto alla sottoscrizione di un \u201cProtocollo di intesa e&#8230;<\/p>\n","protected":false},"author":2,"featured_media":262660,"comment_status":"closed","ping_status":"open","sticky":false,"template":"","format":"standard","meta":[],"categories":[49,53],"tags":[],"_links":{"self":[{"href":"https:\/\/www.cronacaonline.it\/index.php\/wp-json\/wp\/v2\/posts\/262659"}],"collection":[{"href":"https:\/\/www.cronacaonline.it\/index.php\/wp-json\/wp\/v2\/posts"}],"about":[{"href":"https:\/\/www.cronacaonline.it\/index.php\/wp-json\/wp\/v2\/types\/post"}],"author":[{"embeddable":true,"href":"https:\/\/www.cronacaonline.it\/index.php\/wp-json\/wp\/v2\/users\/2"}],"replies":[{"embeddable":true,"href":"https:\/\/www.cronacaonline.it\/index.php\/wp-json\/wp\/v2\/comments?post=262659"}],"version-history":[{"count":1,"href":"https:\/\/www.cronacaonline.it\/index.php\/wp-json\/wp\/v2\/posts\/262659\/revisions"}],"predecessor-version":[{"id":262661,"href":"https:\/\/www.cronacaonline.it\/index.php\/wp-json\/wp\/v2\/posts\/262659\/revisions\/262661"}],"wp:featuredmedia":[{"embeddable":true,"href":"https:\/\/www.cronacaonline.it\/index.php\/wp-json\/wp\/v2\/media\/262660"}],"wp:attachment":[{"href":"https:\/\/www.cronacaonline.it\/index.php\/wp-json\/wp\/v2\/media?parent=262659"}],"wp:term":[{"taxonomy":"category","embeddable":true,"href":"https:\/\/www.cronacaonline.it\/index.php\/wp-json\/wp\/v2\/categories?post=262659"},{"taxonomy":"post_tag","embeddable":true,"href":"https:\/\/www.cronacaonline.it\/index.php\/wp-json\/wp\/v2\/tags?post=262659"}],"curies":[{"name":"wp","href":"https:\/\/api.w.org\/{rel}","templated":true}]}}