{"id":262587,"date":"2025-07-24T09:39:41","date_gmt":"2025-07-24T07:39:41","guid":{"rendered":"https:\/\/www.cronacaonline.it\/?p=262587"},"modified":"2025-07-24T09:39:44","modified_gmt":"2025-07-24T07:39:44","slug":"dazi-usa-conto-alla-rovescia-delle-imprese-sarde-per-i-dazi-al-30-giacomo-meloni-presidente-confartigianato-sardegna-lincertezza-e-stata-la-nemica-piu-pericolosa-ma-le","status":"publish","type":"post","link":"https:\/\/www.cronacaonline.it\/index.php\/2025\/07\/24\/dazi-usa-conto-alla-rovescia-delle-imprese-sarde-per-i-dazi-al-30-giacomo-meloni-presidente-confartigianato-sardegna-lincertezza-e-stata-la-nemica-piu-pericolosa-ma-le\/","title":{"rendered":"Dazi Usa \u2013 Conto alla rovescia delle imprese sarde per i dazi al 30%. Giacomo Meloni (Presidente Confartigianato Sardegna): \u201cL\u2019incertezza \u00e8 stata la nemica pi\u00f9 pericolosa ma le aziende stanno dimostrando una grande capacit\u00e0 di resistenza e adattamento\u201d."},"content":{"rendered":"\n<p>Cagliari, 24 Lug 2025 - I produttori sardi hanno cominciato il conto alla rovescia per capire se veramente, dal primo agosto, le merci europee saranno tassate del 30% al loro arrivo negli Usa.<\/p>\n\n\n\n<p>\u201cL\u2019incertezza sulle decisioni internazionali \u00e8 stata, fino a pochi giorni fa, la nemica pi\u00f9 pericolosa per le nostre imprese. Rinvii, minacce e negoziati incerti hanno paralizzato le scelte di investimento e frenato la fiducia degli imprenditori. Con l\u2019annuncio del Presidente americano \u00e8 diventato obbligatorio scegliere come reagire e come affrontare questo nuovo scenario\u201d.<\/p>\n\n\n\n<p>Cos\u00ec Giacomo Meloni, Presidente di Confartigianato Imprese Sardegna, commenta la probabilit\u00e0 dell\u2019entrata in vigore dei dazi americani verso i prodotti europei e, di conseguenza, anche per quelli sardi.<\/p>\n\n\n\n<p>A livello Nazionale, la guerra dei dazi \u00e8 degenerata in una successione di annunci, rinvii, applicazioni e aliquote applicate che hanno reso difficili le decisioni delle attivit\u00e0 produttive. Nella trattativa tra Unione europea e Stati Uniti, tra il 10 di febbraio e il 14 luglio, si sono succeduti 25 interventi, uno ogni 6 giorni, di cui 7 annunci, 9 sospensioni e rinvii, 6 entrate in vigore, oltre a 3 altri interventi. Ci\u00f2 ha influito negativamente sulla dinamica delle vendite dei prodotti italiani nel mondo, che ha segnato un calo dell\u20191,9% rispetto allo stesso mese dell\u2019anno precedente, dopo il +5,9% di marzo e il +0,5% di aprile. Tale incertezza sul commercio mondiale determinata dal caso-dazi rischia di compromettere la ripresa in corso del made in Italy: nei primi cinque mesi del 2025 l\u2019export cresce dell\u20191,6%, in frenata rispetto al +2,5% dei primi quattro mesi del 2025.<\/p>\n\n\n\n<p>Secondo il dossier elaborato dall\u2019Ufficio studi di Confartigianato Imprese Sardegna su dati Istat, che ha analizzato i flussi commerciali dall\u2019Isola verso il Continente americano ad aprile 2025, i rapporti economici tra la regione e gli Stati Uniti hanno totalizzato 492 milioni di euro, relativi a tutto il manifatturiero petroliferi inclusi rappresentando l\u20191,5% sul valore aggiunto della Sardegna. Alimentari, prodotti in legno e metallo, pelletteria, abbigliamento e tessile, mobili e ceramiche ma anche semilavorati lapidei, prodotti chimici, macchinari e attrezzature hanno raggiunto un mercato ricco e sempre attento alle produzioni italiane e sarde. I dati provinciali dicono che Cagliari ha esportato per 344milioni, il nord Sardegna per 98milioni, Nuoro per 35milioni, il Sud Sardegna per 8 e Oristano per 7. All\u2019interno di questi numeri, 118 milioni di euro sono rappresentati dall'export manifatturiero, al netto dei prodotti energetici, e 85 milioni di euro di export sono rappresentati dalle esportazioni sarde di prodotti realizzati nei settori - alimentare, tessile, abbigliamento, calzature, legno, mobili, prodotti in metallo, gioielleria e altre manifatture- a maggior concentrazione di MPI.<\/p>\n\n\n\n<p>Gli Stati Uniti, infatti, rappresentano un importante mercato di riferimento per le imprese della Sardegna, classificandosi come terzo mercato di riferimento per le esportazioni isolane dopo Francia e Spagna.<\/p>\n\n\n\n<p>\u201cIl nodo da sciogliere non \u00e8 solo commerciale ma strategico, adesso abbiamo una risposta e quindi possiamo agire di conseguenza \u2013 continua Meloni - le nostre imprese stanno dimostrando una grande capacit\u00e0 di resistenza e adattamento, ma il continuo rinvio di decisioni, sfociato poi con l\u2019annuncio della Casa Bianca, ha creato un clima di attesa che \u00e8 diventato, con il passare delle settimane, un limbo dannoso\u201d.<\/p>\n\n\n\n<p>Gi\u00e0 in primavera Confartigianato, a livello nazionale, aveva calcolato che dazi del 20% avrebbero causato in Italia una contrazione dell\u2019export del 16,8%.<\/p>\n\n\n\n<p>Secondo l\u2019Ufficio Studi Nazionale dell\u2019Associazione Artigiana, la nuova tariffa del 30% aggraver\u00e0 ulteriormente una situazione gi\u00e0 complicata e restringer\u00e0 significativamente le esportazioni verso il Paese statunitense, senza valutare il suo effetto indiretto, dato da una minore domanda di Nazioni che esportano prodotti negli Stati Uniti che utilizzano come input semilavorati e macchinari prodotti nello Stivale.<\/p>\n\n\n\n<p>Uno stato di cose che andrebbe a raffreddare anche la produttivit\u00e0 sarda, considerato che il suo traino \u00e8 fatto proprio da quelle micro e piccole imprese, spesso a conduzione familiare, che sono colonna portante dell\u2019economia territoriale.<\/p>\n\n\n\n<p>\u201cQuesta guerra commerciale - aggiunge Meloni - penalizzer\u00e0 tutti, compresi i consumatori americani: non dimentichiamoci che i nostri prodotti d\u2019eccellenza italiani non sono replicabili e sono particolarmente richiesti e apprezzati dalla clientela Usa\u201d.<\/p>\n\n\n\n<p>Quanto alle misure da mettere in atto, Confartigianato Sardegna ricorda quanto sia utile lavorare anche a livello interno, creando un piano nazionale che garantisca liquidit\u00e0 alle imprese in caso di shock commerciali. Quindi, \u00e8 fondamentale operare nel breve periodo per rintracciare mercati di sbocco alle produzioni, sondando quelli a pi\u00f9 elevato potenziale come America Latina, Sud Est asiatico, Turchia, Emirati Arabi Uniti, Arabia Saudita, Nord Africa e Africa Subsahariana.<\/p>\n\n\n\n<p>Meloni conclude sostenendo la linea del Presidente nazionale di Confartigianato Marco Granelli, quella cio\u00e8 di perseguire con determinazione la via del dialogo con Washington: \u201cServe un forte rilancio del dialogo Usa-Ue, che possa scongiurare un\u2019escalation protezionistica che metterebbe in crisi territori come il nostro, dove l\u2019export non \u00e8 solo una voce economica, ma un\u2019identit\u00e0 produttiva. Se l\u2019Europa in questo momento sta lavorando in un \u201cdoppio binario\u201d tra la diplomazia delle trattative e l\u2019azione concreta delle contromisure, al Governo chiediamo misure rapide per sostenere l\u2019export, incentivare l\u2019innovazione e rafforzare la competitivit\u00e0 del nostro sistema produttivo. Le imprese artigiane sarde hanno dimostrato di sapere stare sui mercati mondiali: adesso meritano strumenti certi e concreti per continuare a farlo\u201d. Red<\/p>\n","protected":false},"excerpt":{"rendered":"<p>Cagliari, 24 Lug 2025 &#8211; I produttori sardi hanno cominciato il conto alla rovescia per capire se veramente, dal primo agosto, le merci europee saranno&#8230;<\/p>\n","protected":false},"author":2,"featured_media":253005,"comment_status":"closed","ping_status":"open","sticky":false,"template":"","format":"standard","meta":[],"categories":[49,53],"tags":[],"_links":{"self":[{"href":"https:\/\/www.cronacaonline.it\/index.php\/wp-json\/wp\/v2\/posts\/262587"}],"collection":[{"href":"https:\/\/www.cronacaonline.it\/index.php\/wp-json\/wp\/v2\/posts"}],"about":[{"href":"https:\/\/www.cronacaonline.it\/index.php\/wp-json\/wp\/v2\/types\/post"}],"author":[{"embeddable":true,"href":"https:\/\/www.cronacaonline.it\/index.php\/wp-json\/wp\/v2\/users\/2"}],"replies":[{"embeddable":true,"href":"https:\/\/www.cronacaonline.it\/index.php\/wp-json\/wp\/v2\/comments?post=262587"}],"version-history":[{"count":1,"href":"https:\/\/www.cronacaonline.it\/index.php\/wp-json\/wp\/v2\/posts\/262587\/revisions"}],"predecessor-version":[{"id":262588,"href":"https:\/\/www.cronacaonline.it\/index.php\/wp-json\/wp\/v2\/posts\/262587\/revisions\/262588"}],"wp:featuredmedia":[{"embeddable":true,"href":"https:\/\/www.cronacaonline.it\/index.php\/wp-json\/wp\/v2\/media\/253005"}],"wp:attachment":[{"href":"https:\/\/www.cronacaonline.it\/index.php\/wp-json\/wp\/v2\/media?parent=262587"}],"wp:term":[{"taxonomy":"category","embeddable":true,"href":"https:\/\/www.cronacaonline.it\/index.php\/wp-json\/wp\/v2\/categories?post=262587"},{"taxonomy":"post_tag","embeddable":true,"href":"https:\/\/www.cronacaonline.it\/index.php\/wp-json\/wp\/v2\/tags?post=262587"}],"curies":[{"name":"wp","href":"https:\/\/api.w.org\/{rel}","templated":true}]}}