{"id":262551,"date":"2025-07-23T11:10:22","date_gmt":"2025-07-23T09:10:22","guid":{"rendered":"https:\/\/www.cronacaonline.it\/?p=262551"},"modified":"2025-07-23T11:10:23","modified_gmt":"2025-07-23T09:10:23","slug":"laou-di-cagliari-allinterno-di-barometro-del-patient-engagement-2025-lindagine-nazionale-sul-coinvolgimento-dei-cittadini-nella-sanita","status":"publish","type":"post","link":"https:\/\/www.cronacaonline.it\/index.php\/2025\/07\/23\/laou-di-cagliari-allinterno-di-barometro-del-patient-engagement-2025-lindagine-nazionale-sul-coinvolgimento-dei-cittadini-nella-sanita\/","title":{"rendered":"L\u2019Aou di Cagliari all\u2019interno di Barometro del Patient Engagement 2025, l\u2019indagine nazionale sul coinvolgimento dei cittadini nella sanit\u00e0."},"content":{"rendered":"\n<p>Cagliari, 23 Lug 2025.\u00a0Il\u00a0coinvolgimento attivo dei cittadini\u00a0nella gestione della propria salute rappresenta oggi un\u00a0indicatore chiave\u00a0per valutare la qualit\u00e0 e l\u2019efficacia del\u00a0sistema sanitario.<\/p>\n\n\n\n<p>Su questo tema si concentra la&nbsp;seconda edizione del Barometro del Patient Engagement,&nbsp;che raccoglie dati per contribuire al&nbsp;miglioramento dei servizi sanitari.<\/p>\n\n\n\n<p>Il&nbsp;progetto promosso da Helaglobe, realt\u00e0 attiva da oltre dieci anni nelle&nbsp;strategie di coinvolgimento in ambito sanitario,&nbsp;\u00e8 sostenuto da numerose istituzioni, strutture sanitarie - tra cui quest\u2019anno anche l\u2019Aou di Cagliari&nbsp;- associazioni di pazienti e caregiver.<\/p>\n\n\n\n<p>Del&nbsp;board&nbsp;scientifico fanno parte tra gli altri&nbsp;Paolo Ursillo (Agenas),&nbsp;Monica Paciotti (Fnopi&nbsp;\u2013 Federazione Nazionale Ordini Professioni Infermieristiche),&nbsp;Annamaria Colao, (Consiglio Superiore di Sanit\u00e0&nbsp;e Professore ordinario di Endocrinologia, Direttore di Unit\u00e0 Organizzativa Complessa di Endocrinologia presso l'Azienda Universitaria Policlinico Federico II),&nbsp;Fiorenzo Corti (Vicesegretario nazionale Fimmg, la Federazione dei medici di medicina generale).<\/p>\n\n\n\n<p>Nel 2024, il Barometro ha evidenziato diverse criticit\u00e0:&nbsp;il 20% degli italiani non riceve inviti agli screening,&nbsp;l\u201987% non \u00e8 mai stato coinvolto in sondaggi&nbsp;sulla qualit\u00e0 dei servizi e&nbsp;oltre il 60% si sente escluso&nbsp;dalle&nbsp;decisioni riguardanti&nbsp;la propria&nbsp;salute.<\/p>\n\n\n\n<p>Quest\u2019anno&nbsp;il progetto analizzer\u00e0 anche le&nbsp;differenze emerse a un anno di distanza, approfondendo aspetti gi\u00e0 rilevati e introducendo nuovi indicatori di valutazione,&nbsp;ampliando la raccolta di informazioni&nbsp;anche a livello territoriale.<\/p>\n\n\n\n<p>Partecipare all\u2019indagine&nbsp;\u00e8 semplice: basta compilare il&nbsp;questionario online&nbsp;disponibile a questo link&nbsp;<a href=\"https:\/\/urlsand.esvalabs.com\/?u=https%3A%2F%2Fit.surveymonkey.com%2Fr%2Fbarometropartner_8&amp;e=6df20d48&amp;h=efc9cad8&amp;f=y&amp;p=y\" target=\"_blank\" rel=\"noreferrer noopener\">https:\/\/it.surveymonkey.com\/r\/barometropartner_8<\/a><\/p>\n\n\n\n<p>L\u2019Azienda ospedaliero-universitaria di Cagliari rinnova cos\u00ec il proprio impegno per una&nbsp;sanit\u00e0 pi\u00f9 inclusiva, attenta all\u2019ascolto e alla partecipazione attiva dei pazienti.<\/p>\n","protected":false},"excerpt":{"rendered":"<p>Cagliari, 23 Lug 2025.\u00a0Il\u00a0coinvolgimento attivo dei cittadini\u00a0nella gestione della propria salute rappresenta oggi un\u00a0indicatore chiave\u00a0per valutare la qualit\u00e0 e l\u2019efficacia del\u00a0sistema sanitario. Su questo tema&#8230;<\/p>\n","protected":false},"author":2,"featured_media":242401,"comment_status":"closed","ping_status":"open","sticky":false,"template":"","format":"standard","meta":[],"categories":[49,53],"tags":[],"_links":{"self":[{"href":"https:\/\/www.cronacaonline.it\/index.php\/wp-json\/wp\/v2\/posts\/262551"}],"collection":[{"href":"https:\/\/www.cronacaonline.it\/index.php\/wp-json\/wp\/v2\/posts"}],"about":[{"href":"https:\/\/www.cronacaonline.it\/index.php\/wp-json\/wp\/v2\/types\/post"}],"author":[{"embeddable":true,"href":"https:\/\/www.cronacaonline.it\/index.php\/wp-json\/wp\/v2\/users\/2"}],"replies":[{"embeddable":true,"href":"https:\/\/www.cronacaonline.it\/index.php\/wp-json\/wp\/v2\/comments?post=262551"}],"version-history":[{"count":1,"href":"https:\/\/www.cronacaonline.it\/index.php\/wp-json\/wp\/v2\/posts\/262551\/revisions"}],"predecessor-version":[{"id":262552,"href":"https:\/\/www.cronacaonline.it\/index.php\/wp-json\/wp\/v2\/posts\/262551\/revisions\/262552"}],"wp:featuredmedia":[{"embeddable":true,"href":"https:\/\/www.cronacaonline.it\/index.php\/wp-json\/wp\/v2\/media\/242401"}],"wp:attachment":[{"href":"https:\/\/www.cronacaonline.it\/index.php\/wp-json\/wp\/v2\/media?parent=262551"}],"wp:term":[{"taxonomy":"category","embeddable":true,"href":"https:\/\/www.cronacaonline.it\/index.php\/wp-json\/wp\/v2\/categories?post=262551"},{"taxonomy":"post_tag","embeddable":true,"href":"https:\/\/www.cronacaonline.it\/index.php\/wp-json\/wp\/v2\/tags?post=262551"}],"curies":[{"name":"wp","href":"https:\/\/api.w.org\/{rel}","templated":true}]}}