{"id":262384,"date":"2025-07-17T12:42:05","date_gmt":"2025-07-17T10:42:05","guid":{"rendered":"https:\/\/www.cronacaonline.it\/?p=262384"},"modified":"2025-07-17T12:42:06","modified_gmt":"2025-07-17T10:42:06","slug":"elenco-nazionale-idonei-alla-nomina-di-direttori-generali-asl-pienamente-legittima-la-designazione-del-commissario-straordinario-e-gli-atti-finora-adottati-dallazienda","status":"publish","type":"post","link":"https:\/\/www.cronacaonline.it\/index.php\/2025\/07\/17\/elenco-nazionale-idonei-alla-nomina-di-direttori-generali-asl-pienamente-legittima-la-designazione-del-commissario-straordinario-e-gli-atti-finora-adottati-dallazienda\/","title":{"rendered":"Elenco nazionale idonei alla nomina di direttori generali Asl: pienamente legittima la designazione del Commissario straordinario e gli atti finora adottati dall\u2019Azienda."},"content":{"rendered":"\n<p>Nuoro, 17 Lug 2025 \u2013 In riferimento alla pubblicazione dell\u2019elenco nazionale dei soggetti idonei alla nomina di direttore generale delle Aziende Socio sanitarie Locali, Aziende Ospedaliere e degli altri enti del Servizio Sanitario Nazionale pubblicato in data 15 luglio dal Ministero della Salute, la Direzione strategica dell\u2019ASL 3 di Nuoro intende precisare quanto segue:<\/p>\n\n\n\n<p>il mandato dell\u2019attuale Commissario straordinario della ASL 3 di Nuoro, Angelo Zuccarelli, nominato con Delibera di Giunta Regionale n. 23\/3 del 27 aprile 2025, ai sensi della legge regionale n. 8 dell\u2019 11 marzo 2025, \u00e8 pienamente valido e legittimo, cos\u00ec come tutti gli atti adottati dall\u2019Azienda, in quanto conferito in vigenza dell\u2019elenco disponibile fino alla data di avant\u2019ieri, sulla base del quale il Commissario straordinario aveva tutti i requisiti di idoneit\u00e0 per assumere l\u2019incarico alla ASL 3 di Nuoro;<\/p>\n\n\n\n<p>la pubblicazione del successivo elenco nel quale compaiono delle limitazioni all\u2019assunzione dell\u2019incarico connesse al numero di abitanti della regione, non ha alcun valore su una designazione avvenuta lo scorso aprile, non essendo valido il principio della retroattivit\u00e0.<\/p>\n\n\n\n<p>Il Commissario Straordinario Angelo Zuccarelli intende rassicurare i cittadini sulla piena legittimit\u00e0 degli atti finora adottati: ogni altra illazione \u00e8 assolutamente strumentale e priva di fondamenti giuridici; nel frattempo sono gi\u00e0 in corso gli opportuni e necessari approfondimenti volti a comprendere il motivo che ha determinato una differente valutazione dell\u2019idoneit\u00e0, rispetto a quella dell\u2019elenco in vigore al momento della nomina di Angelo Zuccarelli, che peraltro \u00e8 sempre stato presente nell\u2019elenco degli idonei e confermato nei successivi aggiornamenti senza alcuna limitazione. Com<\/p>\n","protected":false},"excerpt":{"rendered":"<p>Nuoro, 17 Lug 2025 \u2013 In riferimento alla pubblicazione dell\u2019elenco nazionale dei soggetti idonei alla nomina di direttore generale delle Aziende Socio sanitarie Locali, Aziende&#8230;<\/p>\n","protected":false},"author":2,"featured_media":12622,"comment_status":"closed","ping_status":"open","sticky":false,"template":"","format":"standard","meta":[],"categories":[49,53],"tags":[],"_links":{"self":[{"href":"https:\/\/www.cronacaonline.it\/index.php\/wp-json\/wp\/v2\/posts\/262384"}],"collection":[{"href":"https:\/\/www.cronacaonline.it\/index.php\/wp-json\/wp\/v2\/posts"}],"about":[{"href":"https:\/\/www.cronacaonline.it\/index.php\/wp-json\/wp\/v2\/types\/post"}],"author":[{"embeddable":true,"href":"https:\/\/www.cronacaonline.it\/index.php\/wp-json\/wp\/v2\/users\/2"}],"replies":[{"embeddable":true,"href":"https:\/\/www.cronacaonline.it\/index.php\/wp-json\/wp\/v2\/comments?post=262384"}],"version-history":[{"count":1,"href":"https:\/\/www.cronacaonline.it\/index.php\/wp-json\/wp\/v2\/posts\/262384\/revisions"}],"predecessor-version":[{"id":262385,"href":"https:\/\/www.cronacaonline.it\/index.php\/wp-json\/wp\/v2\/posts\/262384\/revisions\/262385"}],"wp:featuredmedia":[{"embeddable":true,"href":"https:\/\/www.cronacaonline.it\/index.php\/wp-json\/wp\/v2\/media\/12622"}],"wp:attachment":[{"href":"https:\/\/www.cronacaonline.it\/index.php\/wp-json\/wp\/v2\/media?parent=262384"}],"wp:term":[{"taxonomy":"category","embeddable":true,"href":"https:\/\/www.cronacaonline.it\/index.php\/wp-json\/wp\/v2\/categories?post=262384"},{"taxonomy":"post_tag","embeddable":true,"href":"https:\/\/www.cronacaonline.it\/index.php\/wp-json\/wp\/v2\/tags?post=262384"}],"curies":[{"name":"wp","href":"https:\/\/api.w.org\/{rel}","templated":true}]}}