{"id":262329,"date":"2025-07-16T09:23:33","date_gmt":"2025-07-16T07:23:33","guid":{"rendered":"https:\/\/www.cronacaonline.it\/?p=262329"},"modified":"2025-07-16T09:23:35","modified_gmt":"2025-07-16T07:23:35","slug":"insediato-presso-la-prefettura-di-cagliari-losservatorio-regionale-sulle-periferie","status":"publish","type":"post","link":"https:\/\/www.cronacaonline.it\/index.php\/2025\/07\/16\/insediato-presso-la-prefettura-di-cagliari-losservatorio-regionale-sulle-periferie\/","title":{"rendered":"Insediato presso la prefettura di Cagliari l\u2019Osservatorio Regionale sulle periferie."},"content":{"rendered":"\n<p>Cagliari, 16 Lug 2025 - Il 14 luglio scorso, nella sede della Prefettura di Cagliari, il Prefetto Giuseppe Castaldo ha presieduto la riunione di insediamento dell\u2019Osservatorio regionale sulle periferie, organismo istituito quale articolazione territoriale a supporto dell\u2019Osservatorio nazionale costituito presso il Ministero dell\u2019Interno, con il compito di analizzare e promuovere politiche per il miglioramento delle condizioni socio-economiche delle aree periferiche e marginali.<\/p>\n\n\n\n<p>Alla prima riunione dell\u2019Osservatorio hanno preso parte i referenti designati dalla Corte d\u2019Appello e dalla Procura generale presso la Corte d\u2019Appello di Cagliari, dal Provveditorato interregionale alle Opere pubbliche Lazio, Abruzzo, Sardegna, dall\u2019Ispettorato Sardegna del Ministero delle imprese e del Made in Italy, dall\u2019Ufficio scolastico regionale per la Sardegna, dal Segretariato regionale del Ministero della cultura per la Sardegna, dall\u2019Anci Sardegna, dalla Segreteria regionale Cgil, Cisl e Uil, dall\u2019Ance Sardegna, dal Forum Terzo settore Sardegna, dalla Direzione interregionale del Sud- Ispettorato nazionale Lavoro, dall\u2019Ufficio territoriale Istat - Area Centro- Sede territoriale per la Sardegna, dalla Questura di Cagliari, dal Comando Provinciale Carabinieri di Cagliari e dal Comando Provinciale Guardia di Finanza di Cagliari.<\/p>\n\n\n\n<p>L\u2019Osservatorio, tra l\u2019altro, avr\u00e0 il compito di raccogliere dati socioeconomici e demografici; di studiare le situazioni di esclusione e marginalizzazione; di monitorare l\u2019evoluzione delle condizioni delle aree periferiche, in particolare nei centri pi\u00f9 grandi e popolosi, anche rispetto alla presenza di fenomeni di microcriminalit\u00e0 e devianza giovanile; di individuare e segnalare, se del caso, all\u2019Osservatorio nazionale quelle realt\u00e0 urbane che, sulla base di specifici indicatori quantitativi e qualitativi richiedono azioni di sistema, attraverso l\u2019integrazione di misure di carattere nazionale con interventi locali.<\/p>\n\n\n\n<p>Nel corso della presentazione, il Tavolo ha condiviso la proposta del Prefetto Castaldo di istituire dei gruppi di lavoro tematici, anche al fine di raccogliere dei dati in relazione alle specificit\u00e0 territoriali, che sono stati individuati nei seguenti ambiti: 1) demografia; 2) istruzione; 3) economia\/lavoro; 4) vulnerabilit\u00e0 sociale; 5) qualit\u00e0 abitativa; 6) dotazione di servizi e accessibilit\u00e0.<\/p>\n\n\n\n<p>Alla prossima riunione dell\u2019Osservatorio, saranno invitati a intervenire anche referenti designati dalla Regione, dai Comuni e altri soggetti pubblici e privati a vario titolo interessati ai fenomeni oggetto di studio e analisi, alla luce della menzionata attivit\u00e0 di raccolta dati.<\/p>\n\n\n\n<p>Il Prefetto ha sottolineato che, al fine di garantire una pi\u00f9 ampia partecipazione, si potranno prevedere anche riunioni itineranti in Prefetture diverse da quella del capoluogo di regione, con particolare attenzione alle periferie maggiormente segnate da situazioni di criticit\u00e0. Com<\/p>\n","protected":false},"excerpt":{"rendered":"<p>Cagliari, 16 Lug 2025 &#8211; Il 14 luglio scorso, nella sede della Prefettura di Cagliari, il Prefetto Giuseppe Castaldo ha presieduto la riunione di insediamento&#8230;<\/p>\n","protected":false},"author":2,"featured_media":262330,"comment_status":"closed","ping_status":"open","sticky":false,"template":"","format":"standard","meta":[],"categories":[49,53],"tags":[],"_links":{"self":[{"href":"https:\/\/www.cronacaonline.it\/index.php\/wp-json\/wp\/v2\/posts\/262329"}],"collection":[{"href":"https:\/\/www.cronacaonline.it\/index.php\/wp-json\/wp\/v2\/posts"}],"about":[{"href":"https:\/\/www.cronacaonline.it\/index.php\/wp-json\/wp\/v2\/types\/post"}],"author":[{"embeddable":true,"href":"https:\/\/www.cronacaonline.it\/index.php\/wp-json\/wp\/v2\/users\/2"}],"replies":[{"embeddable":true,"href":"https:\/\/www.cronacaonline.it\/index.php\/wp-json\/wp\/v2\/comments?post=262329"}],"version-history":[{"count":1,"href":"https:\/\/www.cronacaonline.it\/index.php\/wp-json\/wp\/v2\/posts\/262329\/revisions"}],"predecessor-version":[{"id":262331,"href":"https:\/\/www.cronacaonline.it\/index.php\/wp-json\/wp\/v2\/posts\/262329\/revisions\/262331"}],"wp:featuredmedia":[{"embeddable":true,"href":"https:\/\/www.cronacaonline.it\/index.php\/wp-json\/wp\/v2\/media\/262330"}],"wp:attachment":[{"href":"https:\/\/www.cronacaonline.it\/index.php\/wp-json\/wp\/v2\/media?parent=262329"}],"wp:term":[{"taxonomy":"category","embeddable":true,"href":"https:\/\/www.cronacaonline.it\/index.php\/wp-json\/wp\/v2\/categories?post=262329"},{"taxonomy":"post_tag","embeddable":true,"href":"https:\/\/www.cronacaonline.it\/index.php\/wp-json\/wp\/v2\/tags?post=262329"}],"curies":[{"name":"wp","href":"https:\/\/api.w.org\/{rel}","templated":true}]}}