{"id":262269,"date":"2025-07-14T14:09:20","date_gmt":"2025-07-14T12:09:20","guid":{"rendered":"https:\/\/www.cronacaonline.it\/?p=262269"},"modified":"2025-07-14T14:09:22","modified_gmt":"2025-07-14T12:09:22","slug":"apre-a-santelia-il-primo-centro-di-salute-di-quartiere-di-cagliari","status":"publish","type":"post","link":"https:\/\/www.cronacaonline.it\/index.php\/2025\/07\/14\/apre-a-santelia-il-primo-centro-di-salute-di-quartiere-di-cagliari\/","title":{"rendered":"Apre a Sant&#8217;Elia il primo Centro di salute di quartiere di Cagliari."},"content":{"rendered":"\n<p>Cagliari, 14 Lug 2025 - Un ambulatorio di prossimit\u00e0 per un quartiere \u2013 Sant'Elia \u2013 per molto tempo privo di servizi essenziali, ma anche un modello da riproporre in altre zone della citt\u00e0. Aperto questa mattina in via Schiavazzi il primo Centro di salute di quartiere di Cagliari: \u201cUna struttura\u201d, sottolinea l'assessora alla Salute e al benessere delle cittadine e dei cittadini Anna Puddu, \u201cin cui si potr\u00e0 realizzare una concreta integrazione sociosanitaria in favore dei cittadini e delle cittadine della zona, che potranno disporre di prestazioni e attivit\u00e0 pi\u00f9 prossime ai loro luoghi di vita\u201d.<\/p>\n\n\n\n<p>Conclusi i lavori di ristrutturazione nello stabile comunale, resi possibili dai fondi Pon Metro 2014-2020 integrati con fondi comunali, prender\u00e0 avvio il progetto sperimentale concordato tra Comune di Cagliari e Asl Cagliari, attraverso un innovativo accordo di collaborazione che prevede un nuovo modello di cura e promozione della salute: \u201cQuesto centro\u201d, continua l'assessora, \u201ccontribuir\u00e0, insieme alle altre iniziative gi\u00e0 avviate di concerto con la Regione e Area, a promuovere la rigenerazione del quartiere e la qualit\u00e0 della vita di chi lo abita e lo frequenta tutti i giorni\u201d.<\/p>\n\n\n\n<p>Presenti all'apertura del centro l'assessore regionale alla Sanit\u00e0, Armando Bartolazzi, e il commissario straordinario della Asl di Cagliari, Aldo Atzori, insieme a tante e tanti residenti del quartiere: \u201cUn modello innovativo\u201d, ha proseguito Puddu, \u201cche mette insieme l'Amministrazione comunale e i servizi sociali con il Dipartimento di prevenzione e promozione della salute con il distretto sociosanitario di Cagliari\u201d.<\/p>\n\n\n\n<p>Le prime attivit\u00e0 del centro, a partire dal 16 luglio, saranno dedicate all\u2019accoglienza e all\u2019ascolto dei bisogni delle persone, con uno sportello a disposizione degli utenti e personale professionale sociale e sanitario dedicato: un'equipe multisciplinare composta da infermieri, medici, psicologi che svolgeranno prima di tutto la funzione di consultorio.<\/p>\n\n\n\n<p>A partire dalla prossima settimana, su decisione dell'amministrazione, le assistenti sociali dell'Ufficio di Citt\u00e0 del quartiere, riceveranno poi il pubblico proprio nella nuova sede di via Schiavazzi. Non solo: a partire dal mese di settembre, con la piena operativit\u00e0 del centro, saranno presenti due medici di medicina generale e un pediatra di libera scelta.<\/p>\n\n\n\n<p>\u201cNella struttura accanto\u201d, conclude l'assessora, \u201capriremo poi il centro di quartiere per i minori, come quelli gi\u00e0 attivi in altre zone, che sar\u00e0 anche luogo di iniziative partecipate con la comunit\u00e0 chiamata a contribuire attivamente alla riuscita delle iniziative. Nel frattempo, benvenute e benvenuti a casa\u201d. Com<\/p>\n","protected":false},"excerpt":{"rendered":"<p>Cagliari, 14 Lug 2025 &#8211; Un ambulatorio di prossimit\u00e0 per un quartiere \u2013 Sant&#8217;Elia \u2013 per molto tempo privo di servizi essenziali, ma anche un&#8230;<\/p>\n","protected":false},"author":2,"featured_media":262270,"comment_status":"closed","ping_status":"open","sticky":false,"template":"","format":"standard","meta":[],"categories":[49,53],"tags":[],"_links":{"self":[{"href":"https:\/\/www.cronacaonline.it\/index.php\/wp-json\/wp\/v2\/posts\/262269"}],"collection":[{"href":"https:\/\/www.cronacaonline.it\/index.php\/wp-json\/wp\/v2\/posts"}],"about":[{"href":"https:\/\/www.cronacaonline.it\/index.php\/wp-json\/wp\/v2\/types\/post"}],"author":[{"embeddable":true,"href":"https:\/\/www.cronacaonline.it\/index.php\/wp-json\/wp\/v2\/users\/2"}],"replies":[{"embeddable":true,"href":"https:\/\/www.cronacaonline.it\/index.php\/wp-json\/wp\/v2\/comments?post=262269"}],"version-history":[{"count":1,"href":"https:\/\/www.cronacaonline.it\/index.php\/wp-json\/wp\/v2\/posts\/262269\/revisions"}],"predecessor-version":[{"id":262271,"href":"https:\/\/www.cronacaonline.it\/index.php\/wp-json\/wp\/v2\/posts\/262269\/revisions\/262271"}],"wp:featuredmedia":[{"embeddable":true,"href":"https:\/\/www.cronacaonline.it\/index.php\/wp-json\/wp\/v2\/media\/262270"}],"wp:attachment":[{"href":"https:\/\/www.cronacaonline.it\/index.php\/wp-json\/wp\/v2\/media?parent=262269"}],"wp:term":[{"taxonomy":"category","embeddable":true,"href":"https:\/\/www.cronacaonline.it\/index.php\/wp-json\/wp\/v2\/categories?post=262269"},{"taxonomy":"post_tag","embeddable":true,"href":"https:\/\/www.cronacaonline.it\/index.php\/wp-json\/wp\/v2\/tags?post=262269"}],"curies":[{"name":"wp","href":"https:\/\/api.w.org\/{rel}","templated":true}]}}